{"id":361248,"date":"2025-09-02T17:17:10","date_gmt":"2025-09-02T17:17:10","guid":{"rendered":"https:\/\/www.europesays.com\/fr\/361248\/"},"modified":"2025-09-02T17:17:10","modified_gmt":"2025-09-02T17:17:10","slug":"mefiante-lallemagne-examine-une-offre-chinoise-de-rachat-dun-fleuron-de-la-distribution","status":"publish","type":"post","link":"https:\/\/www.europesays.com\/fr\/361248\/","title":{"rendered":"M\u00e9fiante, l&rsquo;Allemagne examine une offre chinoise de rachat d&rsquo;un fleuron de la distribution"},"content":{"rendered":"<p class=\"fig-paragraph\">Le gouvernement allemand va examiner le projet d&rsquo;acquisition de Ceconomy, maison m\u00e8re des enseignes d&rsquo;\u00e9lectronique grand public MediaMarkt et Saturn, par<a href=\"http:\/\/www.lefigaro.fr\/flash-eco\/le-geant-chinois-jd-com-realise-une-grosse-acquisition-en-allemagne-20250731\" data-fig-type=\"NewsFlash\" data-gtm-custom-categorie=\"navigation\" data-gtm-custom-action=\"crossclick\" data-gtm-custom-label=\"Contextuel\" data-gtm-event=\"customEventSPE\" data-fig-domain=\"LEFIGARO\" rel=\"nofollow noopener\" target=\"_blank\">\u00a0le g\u00e9ant chinois JD.com<\/a>, estimant qu&rsquo;un tel rachat pourrait repr\u00e9senter une menace pour le pays, a appris mardi l&rsquo;AFP.<\/p>\n<p class=\"fig-paragraph\">Cette offre publique de rachat d\u00e9pos\u00e9e fin juillet par JD.com rel\u00e8ve du \u00abdroit allemand sur l&rsquo;\u00e9conomie ext\u00e9rieure, ainsi que, probablement, du contr\u00f4le des concentrations de l&rsquo;UE et du r\u00e8glement sur les subventions \u00e9trang\u00e8res d\u00e9formant le march\u00e9 int\u00e9rieur\u00bb, selon une r\u00e9ponse du minist\u00e8re allemand de l&rsquo;\u00c9conomie \u00e0 une question pos\u00e9e par Anne-Mieke Bremer, d\u00e9put\u00e9e du parti de gauche Die Linke. L&rsquo;examen vise \u00e0 d\u00e9terminer si l&rsquo;acquisition projet\u00e9e pourrait menacer \u00abl&rsquo;ordre public ou la s\u00e9curit\u00e9 de l&rsquo;Allemagne ou de l&rsquo;UE\u00bb, selon ce document dont l&rsquo;AFP a pu prendre connaissance et r\u00e9v\u00e9l\u00e9 en premier par le site Politico. La proc\u00e9dure \u00abn&rsquo;en est encore qu&rsquo;au d\u00e9but\u00bb, pr\u00e9cise le minist\u00e8re.<\/p>\n<p>                                    <a class=\"fig-a11y-skip a11y-hidden\" href=\"#fig-a11y-skip-main-inarticle\"><br \/>\n        Passer la publicit\u00e9<br \/>\n    <\/a><\/p>\n<p class=\"fig-paragraph\">Deuxi\u00e8me actionnaire principal de Fnac Darty, le groupe allemand de distribution Ceconomy emploie environ 50.000 personnes. Il a r\u00e9alis\u00e9 l&rsquo;an dernier un chiffre d&rsquo;affaires de 22,4 milliards d&rsquo;euros. Selon Anne-Mieke Bremer, le projet du groupe chinois soul\u00e8ve des \u00abquestions de souverainet\u00e9 num\u00e9rique, de s\u00e9curit\u00e9 d&rsquo;approvisionnement et de contr\u00f4le d\u00e9mocratique\u00bb. Elle appelle \u00e0 une \u00abstrat\u00e9gie claire pour prot\u00e9ger les secteurs cl\u00e9s de [l&rsquo;]\u00e9conomie\u00bb allemande.<\/p>\n<p class=\"fig-paragraph\">En vertu d&rsquo;une loi destin\u00e9e \u00e0 mieux prot\u00e9ger ses int\u00e9r\u00eats strat\u00e9giques d&rsquo;app\u00e9tits \u00e9trangers, l&rsquo;Allemagne a bloqu\u00e9 en 2022 la vente de deux fabricants de puces \u00e9lectroniques \u00e0 des investisseurs chinois, en raison de pr\u00e9occupations en mati\u00e8re de s\u00e9curit\u00e9 autour de cette production cruciale.<\/p>\n","protected":false},"excerpt":{"rendered":"Le gouvernement allemand va examiner le projet d&rsquo;acquisition de Ceconomy, maison m\u00e8re des enseignes d&rsquo;\u00e9lectronique grand public MediaMarkt&hellip;\n","protected":false},"author":2,"featured_media":361249,"comment_status":"","ping_status":"","sticky":false,"template":"","format":"standard","meta":{"footnotes":""},"categories":[1587],"tags":[11,672,1804,1805,1803,1777,674,1801,42546,12,1802],"class_list":{"0":"post-361248","1":"post","2":"type-post","3":"status-publish","4":"format-standard","5":"has-post-thumbnail","7":"category-allemagne","8":"tag-actualites","9":"tag-allemagne","10":"tag-bundesrepublik-deutschland","11":"tag-de","12":"tag-deutschland","13":"tag-eu","14":"tag-europe","15":"tag-germany","16":"tag-jd-com","17":"tag-news","18":"tag-republique-federale-dallemagne"},"share_on_mastodon":{"url":"https:\/\/pubeurope.com\/@fr\/115135843180537471","error":""},"_links":{"self":[{"href":"https:\/\/www.europesays.com\/fr\/wp-json\/wp\/v2\/posts\/361248","targetHints":{"allow":["GET"]}}],"collection":[{"href":"https:\/\/www.europesays.com\/fr\/wp-json\/wp\/v2\/posts"}],"about":[{"href":"https:\/\/www.europesays.com\/fr\/wp-json\/wp\/v2\/types\/post"}],"author":[{"embeddable":true,"href":"https:\/\/www.europesays.com\/fr\/wp-json\/wp\/v2\/users\/2"}],"replies":[{"embeddable":true,"href":"https:\/\/www.europesays.com\/fr\/wp-json\/wp\/v2\/comments?post=361248"}],"version-history":[{"count":0,"href":"https:\/\/www.europesays.com\/fr\/wp-json\/wp\/v2\/posts\/361248\/revisions"}],"wp:featuredmedia":[{"embeddable":true,"href":"https:\/\/www.europesays.com\/fr\/wp-json\/wp\/v2\/media\/361249"}],"wp:attachment":[{"href":"https:\/\/www.europesays.com\/fr\/wp-json\/wp\/v2\/media?parent=361248"}],"wp:term":[{"taxonomy":"category","embeddable":true,"href":"https:\/\/www.europesays.com\/fr\/wp-json\/wp\/v2\/categories?post=361248"},{"taxonomy":"post_tag","embeddable":true,"href":"https:\/\/www.europesays.com\/fr\/wp-json\/wp\/v2\/tags?post=361248"}],"curies":[{"name":"wp","href":"https:\/\/api.w.org\/{rel}","templated":true}]}}