{"id":361250,"date":"2025-09-02T17:18:11","date_gmt":"2025-09-02T17:18:11","guid":{"rendered":"https:\/\/www.europesays.com\/fr\/361250\/"},"modified":"2025-09-02T17:18:11","modified_gmt":"2025-09-02T17:18:11","slug":"lue-soppose-au-decouplage-difficile-des-demandes-dadhesion-de-lukraine-et-de-la-moldavie","status":"publish","type":"post","link":"https:\/\/www.europesays.com\/fr\/361250\/","title":{"rendered":"L&rsquo;UE s&rsquo;oppose au d\u00e9couplage \u00ab\u00a0difficile\u00a0\u00bb des demandes d&rsquo;adh\u00e9sion de l&rsquo;Ukraine et de la Moldavie"},"content":{"rendered":"<p>          <img decoding=\"async\" class=\"c-ad__placeholder__logo\" src=\"https:\/\/static.euronews.com\/website\/images\/logos\/logo-euronews-stacked-outlined-72x72-grey-9.svg\" width=\"72\" height=\"72\" alt=\"\" loading=\"lazy\"\/><br \/>\n          PUBLICIT\u00c9<\/p>\n<p>L&rsquo;Union europ\u00e9enne continue de s&rsquo;opposer au d\u00e9couplage des demandes d&rsquo;adh\u00e9sion de l&rsquo;Ukraine et de la Moldavie, craignant qu&rsquo;une telle rupture ne porte un coup dur \u00e0 Kyiv \u00e0 un moment o\u00f9 l&rsquo;adh\u00e9sion est envisag\u00e9e dans le contexte des garanties de s\u00e9curit\u00e9.<\/p>\n<p>L&rsquo;id\u00e9e de s\u00e9parer les deux candidatures &#8211; qui ont \u00e9t\u00e9 d\u00e9pos\u00e9es presque simultan\u00e9ment dans les premiers jours de l&rsquo;invasion russe et ont depuis \u00e9t\u00e9 trait\u00e9es en parall\u00e8le &#8211; a gagn\u00e9 du terrain ces derniers mois en raison du veto de la Hongrie contre l&rsquo;adh\u00e9sion de l&rsquo;Ukraine.<\/p>\n<p>Les \u00e9lections l\u00e9gislatives en Moldavie, pr\u00e9vues pour le 28 septembre, ont encore aliment\u00e9 le d\u00e9bat, car des progr\u00e8s en mati\u00e8re d&rsquo;adh\u00e9sion pourraient aider le pays \u00e0 contrer les <a href=\"https:\/\/fr.euronews.com\/my-europe\/2025\/08\/27\/le-message-europeen-a-la-moldavie\" target=\"_blank\" rel=\"noopener\"><strong>tentatives hybrides<\/strong><\/a> de Moscou d&rsquo;interf\u00e9rer dans le scrutin et de polariser la soci\u00e9t\u00e9 moldave.<\/p>\n<p>\u00ab\u00a0La raison pour laquelle nous avons un nouvel \u00e9lan sur l&rsquo;\u00e9largissement est li\u00e9e \u00e0 l&rsquo;Ukraine\u00a0\u00bb, a d\u00e9clar\u00e9 Marie Bjerre, ministre danoise des Affaires europ\u00e9ennes, mardi, alors qu&rsquo;elle accueillait ses homologues \u00e0 Copenhague pour une discussion informelle sur le sujet.<\/p>\n<p>\u00ab\u00a0Il ne serait pas juste de laisser l&rsquo;Ukraine seule. Nous devons \u00e9galement aller de l&rsquo;avant avec l&rsquo;Ukraine\u00a0\u00bb, affirme-t-elle.<\/p>\n<p>Aucune \u00ab\u00a0raison objective\u00a0\u00bb pour le veto hongrois, selon Bruxelles<\/p>\n<p>Pour Bruxelles, Kiev et Chi\u0219in\u0103u ont toutes deux rempli les crit\u00e8res techniques pour ouvrir le premier groupe de n\u00e9gociations d&rsquo;adh\u00e9sion &#8211; nomm\u00e9s \u00ab\u00a0principes fondamentaux\u00a0\u00bb &#8211; qui couvre des sujets cl\u00e9s tels que la d\u00e9mocratie, les droits de l&rsquo;Homme, la s\u00e9curit\u00e9, le syst\u00e8me judiciaire et les march\u00e9s publics.<\/p>\n<p>Mais l&rsquo;ouverture d&rsquo;un nouveau groupe de n\u00e9gociations requiert l&rsquo;unanimit\u00e9.<\/p>\n<p>Le Danemark, qui assure actuellement la pr\u00e9sidence tournante du Conseil de l&rsquo;UE, a promis <a href=\"https:\/\/fr.euronews.com\/my-europe\/2025\/07\/03\/le-danemark-exercera-une-pression-maximale-sur-la-hongrie-pour-quelle-leve-son-veto-sur-lu\" target=\"_blank\" rel=\"noopener\"><strong>d&rsquo;exercer une \u00ab\u00a0pression maximale\u00a0\u00bb sur la Hongrie<\/strong><\/a> pour sortir de l&rsquo;impasse dans laquelle l&rsquo;Union se trouve depuis plus d&rsquo;un an.<\/p>\n<p>Le Premier ministre hongrois Viktor Orb\u00e1n a invoqu\u00e9 diverses raisons, telles que la guerre, la s\u00e9curit\u00e9 \u00e9nerg\u00e9tique et l&rsquo;agriculture, et a lanc\u00e9 une consultation nationale aupr\u00e8s de ses citoyens pour justifier son veto.<\/p>\n<p>\u00ab\u00a0La Hongrie ne fait aucun lien avec les pays candidats\u00a0\u00bb, a d\u00e9clar\u00e9 le repr\u00e9sentant hongrois, J\u00e1nos B\u00f3ka, \u00e0 son arriv\u00e9e \u00e0 la r\u00e9union. \u00ab\u00a0Nous soutenons les progr\u00e8s de la Moldavie et nous sommes oppos\u00e9s \u00e0 tout lien entre les pays, car nous pensons qu&rsquo;il s&rsquo;agit d&rsquo;un processus fond\u00e9 sur le m\u00e9rite\u00a0\u00bb.<\/p>\n<p>Cette impasse exasp\u00e8re plusieurs \u00c9tats membres.<\/p>\n<p>Jessica Rosencrantz, ministre su\u00e9doise des Affaires europ\u00e9ennes, estime que le veto est \u00ab\u00a0totalement inacceptable\u00a0\u00bb, tandis que son homologue fran\u00e7ais, Benjamin Haddad, a accus\u00e9 Budapest de retarder le processus d&rsquo;adh\u00e9sion pour des \u00ab\u00a0raisons internes\u00a0\u00bb.<\/p>\n<p>\u00ab\u00a0Ce que la Hongrie fait pour l&rsquo;Ukraine a un impact sur d&rsquo;autres pays qui progressent bien dans leurs r\u00e9formes, comme la Moldavie\u00a0\u00bb, a d\u00e9clar\u00e9 Benjamin Haddad \u00e0 Copenhague. \u00ab\u00a0La Moldavie appartient \u00e0 l&rsquo;UE, sa voie europ\u00e9enne est irr\u00e9versible, en particulier [face \u00e0] la pression et l&rsquo;ing\u00e9rence de la Russie\u00a0\u00bb.<\/p>\n<p>Une conversation \u00ab\u00a0difficile\u00a0\u00bb<\/p>\n<p>Malgr\u00e9 la pression politique croissante exerc\u00e9e par l&rsquo;ensemble des pays de l&rsquo;Union, la Hongrie n&rsquo;a pas c\u00e9d\u00e9 et n&rsquo;a pas laiss\u00e9 entendre qu&rsquo;elle pourrait le faire prochainement.<\/p>\n<p>Ce refus a laiss\u00e9 la Moldavie prise entre deux feux politiques. Le pays souhaite progresser sur la voie de l&rsquo;adh\u00e9sion \u00e0 l&rsquo;Union europ\u00e9enne, mais se m\u00e9fie des cons\u00e9quences d&rsquo;un \u00e9ventuel abandon de son voisin ukrainien.<\/p>\n<p>Cristina Gherasimov, vice-Premier ministre moldave charg\u00e9e de l&rsquo;Int\u00e9gration europ\u00e9enne et invit\u00e9e \u00e0 la r\u00e9union de mardi, dit attendre \u00ab\u00a0avec impatience une solution \u00e0 la fois pour la Moldavie et pour l&rsquo;Ukraine\u00a0\u00bb.<\/p>\n<p>\u00ab\u00a0Il est important pour nous, pour notre s\u00e9curit\u00e9, pour notre propre voie d&rsquo;adh\u00e9sion, qu&rsquo;en tant que r\u00e9gion, nous soyons stables et s\u00fbrs, et pour cela, nous avons besoin d&rsquo;une Ukraine stable et s\u00fbre\u00a0\u00bb, estime-t-elle.<\/p>\n<p>Les \u00c9tats membres craignent qu&rsquo;un d\u00e9couplage des candidatures de la Moldavie et de l&rsquo;Ukraine ne l\u00e9gitime le veto de la Hongrie et n&rsquo;affaiblisse le message d&rsquo;unit\u00e9 et de soutien que l&rsquo;UE tente de faire passer lors des n\u00e9gociations de paix en Ukraine.<\/p>\n<p>Pour Kyiv, il en va de l&rsquo;unit\u00e9 de l&rsquo;Europe<\/p>\n<p>D\u00e9but ao\u00fbt, juste avant de <a href=\"https:\/\/fr.euronews.com\/2025\/08\/18\/la-reunion-multilaterale-entre-trump-zelensky-et-les-dirigeants-europeens-a-commence\" target=\"_blank\" rel=\"noopener\"><strong>rencontrer Donald Trump \u00e0 Washington<\/strong><\/a>, le pr\u00e9sident ukrainien Volodymyr Zelensky lui-m\u00eame a lanc\u00e9 une mise en garde contre le d\u00e9couplage.<\/p>\n<p>\u00ab\u00a0Il ne peut y avoir de division entre l&rsquo;Ukraine et la Moldavie\u00a0\u00bb, affirme-t-il. \u00ab\u00a0Si une telle division a lieu, cela signifiera automatiquement que l&rsquo;Europe est divis\u00e9e sur l&rsquo;Ukraine, que l&rsquo;Europe n&rsquo;a pas de position commune sur les garanties [de s\u00e9curit\u00e9]\u00a0\u00bb.<\/p>\n<p>\u00ab\u00a0Une Europe unie est une r\u00e9ponse claire \u00e0 la Russie, \u00e0 la Chine et aux \u00c9tats-Unis\u00a0\u00bb, a \u00e9galement d\u00e9clar\u00e9 l&rsquo;Allemand Gunther Krichbaum, qui soutient le couplage.<\/p>\n<p>Adoptant une position plus ambivalente, le Polonais Ignacy Niemczycki a soulign\u00e9 que, si la Moldavie n&rsquo;avait pas officiellement demand\u00e9 le d\u00e9couplage, Varsovie restait \u00ab\u00a0ouverte \u00e0 cette discussion le moment venu\u00a0\u00bb.<\/p>\n<p>\u00ab\u00a0Nous voulons vraiment envoyer des signaux positifs au peuple ukrainien, et non des signaux n\u00e9gatifs, c&rsquo;est donc \u00e9videmment une situation difficile\u00a0\u00bb, reconna\u00eet-il.<\/p>\n<p>Un enjeu g\u00e9opolitique entre \u00ab\u00a0soci\u00e9t\u00e9s libres\u00a0\u00bb et \u00ab\u00a0r\u00e9gimes autoritaires\u00a0\u00bb<\/p>\n<p>\u00c0 la fin de la r\u00e9union minist\u00e9rielle, Marta Kos, la commissaire europ\u00e9enne charg\u00e9e de l&rsquo;\u00c9largissement, a f\u00e9licit\u00e9 l&rsquo;Ukraine et la Moldavie d&rsquo;avoir fait \u00ab\u00a0leur travail\u00a0\u00bb et a soulign\u00e9 l&rsquo;urgence de d\u00e9bloquer la situation.<\/p>\n<p>\u00ab\u00a0L&rsquo;\u00e9largissement de l&rsquo;UE est devenu un enjeu g\u00e9opolitique entre les soci\u00e9t\u00e9s libres et d\u00e9mocratiques d&rsquo;un c\u00f4t\u00e9 et les r\u00e9gimes autoritaires de l&rsquo;autre. Et nous le voyons, bien s\u00fbr, de la mani\u00e8re la plus brutale en Ukraine\u00a0\u00bb, a-t-elle affirm\u00e9.<\/p>\n<p>\u00ab\u00a0Mais nous le voyons aussi de mani\u00e8re plus subtile et hybride dans d&rsquo;autres pays candidats, comme la R\u00e9publique de Moldavie. Nous constatons un engagement financier consid\u00e9rable de la part de la Russie pour \u00e9loigner la R\u00e9publique de Moldavie de la voie europ\u00e9enne\u00a0\u00bb.<\/p>\n<p>Marta Kos a cit\u00e9 <a href=\"https:\/\/europa.eu\/eurobarometer\/surveys\/detail\/3413\" target=\"_blank\" rel=\"noreferrer noopener\"><strong>un nouvel Eurobarom\u00e8tre<\/strong><\/a> montrant que 56 % des citoyens de l&rsquo;UE sont favorables \u00e0 l&rsquo;\u00e9largissement, 26 % n&rsquo;y sont pas tr\u00e8s favorables et 12 % y sont oppos\u00e9s.<\/p>\n","protected":false},"excerpt":{"rendered":"PUBLICIT\u00c9 L&rsquo;Union europ\u00e9enne continue de s&rsquo;opposer au d\u00e9couplage des demandes d&rsquo;adh\u00e9sion de l&rsquo;Ukraine et de la Moldavie, craignant&hellip;\n","protected":false},"author":2,"featured_media":361251,"comment_status":"","ping_status":"","sticky":false,"template":"","format":"standard","meta":{"footnotes":""},"categories":[1586],"tags":[11,6157,1777,674,1011,27,804,6158,11095,12,25,220],"class_list":{"0":"post-361250","1":"post","2":"type-post","3":"status-publish","4":"format-standard","5":"has-post-thumbnail","7":"category-europe","8":"tag-actualites","9":"tag-elargissement-de-lunion-europeenne","10":"tag-eu","11":"tag-europe","12":"tag-fr","13":"tag-france","14":"tag-hongrie","15":"tag-marta-kos","16":"tag-moldavie","17":"tag-news","18":"tag-republique-francaise","19":"tag-ukraine"},"share_on_mastodon":{"url":"https:\/\/pubeurope.com\/@fr\/115135847519886313","error":""},"_links":{"self":[{"href":"https:\/\/www.europesays.com\/fr\/wp-json\/wp\/v2\/posts\/361250","targetHints":{"allow":["GET"]}}],"collection":[{"href":"https:\/\/www.europesays.com\/fr\/wp-json\/wp\/v2\/posts"}],"about":[{"href":"https:\/\/www.europesays.com\/fr\/wp-json\/wp\/v2\/types\/post"}],"author":[{"embeddable":true,"href":"https:\/\/www.europesays.com\/fr\/wp-json\/wp\/v2\/users\/2"}],"replies":[{"embeddable":true,"href":"https:\/\/www.europesays.com\/fr\/wp-json\/wp\/v2\/comments?post=361250"}],"version-history":[{"count":0,"href":"https:\/\/www.europesays.com\/fr\/wp-json\/wp\/v2\/posts\/361250\/revisions"}],"wp:featuredmedia":[{"embeddable":true,"href":"https:\/\/www.europesays.com\/fr\/wp-json\/wp\/v2\/media\/361251"}],"wp:attachment":[{"href":"https:\/\/www.europesays.com\/fr\/wp-json\/wp\/v2\/media?parent=361250"}],"wp:term":[{"taxonomy":"category","embeddable":true,"href":"https:\/\/www.europesays.com\/fr\/wp-json\/wp\/v2\/categories?post=361250"},{"taxonomy":"post_tag","embeddable":true,"href":"https:\/\/www.europesays.com\/fr\/wp-json\/wp\/v2\/tags?post=361250"}],"curies":[{"name":"wp","href":"https:\/\/api.w.org\/{rel}","templated":true}]}}