{"id":361258,"date":"2025-09-02T17:23:12","date_gmt":"2025-09-02T17:23:12","guid":{"rendered":"https:\/\/www.europesays.com\/fr\/361258\/"},"modified":"2025-09-02T17:23:12","modified_gmt":"2025-09-02T17:23:12","slug":"gary-stal-de-nouveau-au-pied-du-mur","status":"publish","type":"post","link":"https:\/\/www.europesays.com\/fr\/361258\/","title":{"rendered":"Gary Stal, de nouveau au pied du mur"},"content":{"rendered":"<p>On ne pourra pas dire que la saison a \u00e9t\u00e9 longue&#8230; C&rsquo;est avec beaucoup de regrets que je vais arr\u00eater apr\u00e8s seulement 5 tournois jou\u00e9s, dont 4 o\u00f9 je n&rsquo;ai fait que 18 trous. Je ne peux pas continuer \u00e0 jouer au golf en ayant tout le temps mal au dos et en prenant des antidouleurs \u00e0 chaque semaine de tournoi. J&rsquo;ai donc d\u00e9cid\u00e9 de ne plus rejouer en comp\u00e9tition tant qu&rsquo;il y aura des douleurs et que je ne pourrai pas encha\u00eener les tournois. Le golf est d\u00e9j\u00e0 assez dur comme \u00e7a, alors si en plus on rajoute les douleurs&#8230; Qui dit douleurs dit moins d&rsquo;entra\u00eenement, et sans entra\u00eenement, \u00e7a ne marche pas.<\/p>\n<p>En m\u00eame temps, je pense que j&rsquo;ai perdu le go\u00fbt du jeu, le go\u00fbt de l&rsquo;entra\u00eenement&#8230; C&rsquo;est plus dur qu&rsquo;on le croit de perdre l&rsquo;envie d&rsquo;avoir envie. L\u00e0, je pars pour 9h d&rsquo;avion, donc autant vous dire que j&rsquo;\u00e9tais parti pour faire un truc carr\u00e9, mais au final je vous balance juste une tartine de ce que je pense vraiment ! J&rsquo;ai kiff\u00e9 mes d\u00e9buts pros de 2012 \u00e0 2018. Apr\u00e8s, c&rsquo;est parti un peu en live&#8230; Covid, LIV, vous connaissez la suite. Mais au d\u00e9but, c&rsquo;\u00e9tait g\u00e9nial. Quand je suis arriv\u00e9 sur le Tour, il y avait des joueurs qui marquaient, qui avaient quelque chose en plus par rapport \u00e0 maintenant. Oui, je vous parle bien des Stenson, Garcia, Westwood, Schwartzel, Poulter, Jim\u00e9nez, Olaz\u00e1bal&#8230; Je ne vais pas tous les citer, mais pour dire qu&rsquo;il y avait une aura diff\u00e9rente \u00e0 cette \u00e9poque.\u00a0<\/p>\n<p>Attention, quand je dis \u00e7a, je ne parle pas du niveau : le niveau de jeu moyen est meilleur qu&rsquo;il y a 10 ans. En m\u00eame temps, c&rsquo;est normal, entre Trackman, cam\u00e9ras, et les mecs qui posent 1 million de tees sur le putting green pour leurs exos&#8230; A un moment donn\u00e9, \u00e7a doit payer ! Les gars font leur reco en 6h parce qu&rsquo;ils essayent tous les chips et putts possibles pour \u00eatre s\u00fbrs d&rsquo;avoir le bon pourcentage de pente sur un putt de 3 m&#8230; qui n&rsquo;existera s\u00fbrement jamais !\u00a0<\/p>\n<p>Donc voil\u00e0, tout ce nouveau golf me gonfle un peu. Il n&rsquo;y a plus rien de cr\u00e9atif. Tout le monde a les yeux riv\u00e9s sur son t\u00e9l\u00e9phone, plus personne ne regarde ce qui se passe, \u00e7a filme, et c&rsquo;est tout. Heureusement, ce n&rsquo;est pas tout le monde, je g\u00e9n\u00e9ralise un peu&#8230; parce que j&rsquo;aime bien g\u00e9n\u00e9raliser ! Bref, c&rsquo;\u00e9tait mieux avant pour ma part. Mais \u00e7a n&rsquo;enl\u00e8ve en rien les performances des Fran\u00e7ais sur le Tour. Je ne suis en aucun cas jaloux ou envieux, je tiens \u00e0 le pr\u00e9ciser &#8211; parce qu&rsquo;on sait que ce genre de messages peut vite \u00eatre mal interpr\u00e9t\u00e9 ! Voil\u00e0. Je ne poste jamais rien sur Insta, je vais m&rsquo;arr\u00eater l\u00e0. Peut-\u00eatre que la prochaine fois, je ferai un podcast &#8211; un peu plus \u00e9nerv\u00e9- sur les invitations sur le DPWT, les l\u00e9gendes cat\u00e9gories et toutes ces cat\u00e9gories sorties de nulle part qui passent devant des joueurs ayant gagn\u00e9 leur carte via le Challenge Tour !\u00a0<\/p>\n<p>Sur ce, bonne soir\u00e9e \u00e0 tous, et merci pour vos messages de soutien.<\/p>\n","protected":false},"excerpt":{"rendered":"On ne pourra pas dire que la saison a \u00e9t\u00e9 longue&#8230; C&rsquo;est avec beaucoup de regrets que je&hellip;\n","protected":false},"author":2,"featured_media":361259,"comment_status":"","ping_status":"","sticky":false,"template":"","format":"standard","meta":{"footnotes":""},"categories":[1418],"tags":[1011,27,1472,60],"class_list":{"0":"post-361258","1":"post","2":"type-post","3":"status-publish","4":"format-standard","5":"has-post-thumbnail","7":"category-golf","8":"tag-fr","9":"tag-france","10":"tag-golf","11":"tag-sports"},"share_on_mastodon":{"url":"https:\/\/pubeurope.com\/@fr\/115135866846023341","error":""},"_links":{"self":[{"href":"https:\/\/www.europesays.com\/fr\/wp-json\/wp\/v2\/posts\/361258","targetHints":{"allow":["GET"]}}],"collection":[{"href":"https:\/\/www.europesays.com\/fr\/wp-json\/wp\/v2\/posts"}],"about":[{"href":"https:\/\/www.europesays.com\/fr\/wp-json\/wp\/v2\/types\/post"}],"author":[{"embeddable":true,"href":"https:\/\/www.europesays.com\/fr\/wp-json\/wp\/v2\/users\/2"}],"replies":[{"embeddable":true,"href":"https:\/\/www.europesays.com\/fr\/wp-json\/wp\/v2\/comments?post=361258"}],"version-history":[{"count":0,"href":"https:\/\/www.europesays.com\/fr\/wp-json\/wp\/v2\/posts\/361258\/revisions"}],"wp:featuredmedia":[{"embeddable":true,"href":"https:\/\/www.europesays.com\/fr\/wp-json\/wp\/v2\/media\/361259"}],"wp:attachment":[{"href":"https:\/\/www.europesays.com\/fr\/wp-json\/wp\/v2\/media?parent=361258"}],"wp:term":[{"taxonomy":"category","embeddable":true,"href":"https:\/\/www.europesays.com\/fr\/wp-json\/wp\/v2\/categories?post=361258"},{"taxonomy":"post_tag","embeddable":true,"href":"https:\/\/www.europesays.com\/fr\/wp-json\/wp\/v2\/tags?post=361258"}],"curies":[{"name":"wp","href":"https:\/\/api.w.org\/{rel}","templated":true}]}}