{"id":361264,"date":"2025-09-02T17:26:09","date_gmt":"2025-09-02T17:26:09","guid":{"rendered":"https:\/\/www.europesays.com\/fr\/361264\/"},"modified":"2025-09-02T17:26:09","modified_gmt":"2025-09-02T17:26:09","slug":"us-open-patrick-mouratoglou-avait-juste-raison-au-sujet-dosaka","status":"publish","type":"post","link":"https:\/\/www.europesays.com\/fr\/361264\/","title":{"rendered":"US Open > Patrick Mouratoglou avait juste raison au sujet d&rsquo;Osaka"},"content":{"rendered":"<p>Quand r\u00e9cem\u00adment Patrick Mouratoglou et Naomi Osaka ont d\u00e9cid\u00e9 de se s\u00e9parer, le coach trico\u00adlore avait publi\u00e9 un message de remer\u00adcie\u00adments tout en pr\u00e9ci\u00adsant que pour lui le plus dur \u00e9tait fait, que sa joueuse \u00e9tait \u00e0 nouveau pr\u00eate pour r\u00e9aliser des exploits.\u00a0<\/p>\n<blockquote class=\"twitter-tweet\">\n<p lang=\"en\" dir=\"ltr\">Patrick Mouratoglou on split with Naomi Osaka\u00a0:<\/p>\n<p>\u00ab\u202fWe would\u2019ve won the US Open toge\u00adther, such a shame.\u202f\u00bb <a href=\"https:\/\/t.co\/VCZLk4TcOU\" data-wpel-link=\"external\" target=\"_blank\" rel=\"nofollow external noopener\">pic.twitter.com\/VCZLk4TcOU<\/a><\/p>\n<p>\u2014 TENNISCentel (@TennisCentel) <a href=\"https:\/\/twitter.com\/TennisCentel\/status\/1949814249112625500?ref_src=twsrc%5Etfw\" data-wpel-link=\"external\" target=\"_blank\" rel=\"nofollow external noopener\">July 28,\u00a02025<\/a><\/p><\/blockquote>\n<p>Qualifi\u00e9e en quart de finale face \u00e0 Muchova en ayant \u00e9trill\u00e9 Coco Gauff, il semble bien que Patrick ait vu juste. Rapide, pr\u00e9cise et souriante, Naomi semble revivre comme quoi une s\u00e9pa\u00adra\u00adtion r\u00e9alis\u00e9e dans de bonnes condi\u00adtions peut permette un vrai rebond.\u00a0<\/p>\n<p>Reste \u00e0 savoir main\u00adte\u00adnant si la Japonaise aura encore des ressources pour aller plus loin. Son dernier titre en Grand Chelem date un peu, c\u2019\u00e9tait en 2021 \u00e0 l\u2019Open d\u2019Australie, c\u2019tait son 4\u00e8me succ\u00e8s dans les otur\u00adnosi majeurs avant une vraie travers\u00e9e du d\u00e9sert.<\/p>\n<p class=\"post-published-date\" style=\"color: silver; font-size: 75%; text-align: left;\">Publi\u00e9 le mardi 2 septembre 2025 \u00e0 18:26<\/p>\n<p><script async src=\"https:\/\/platform.twitter.com\/widgets.js\" charset=\"utf-8\"><\/script><\/p>\n","protected":false},"excerpt":{"rendered":"Quand r\u00e9cem\u00adment Patrick Mouratoglou et Naomi Osaka ont d\u00e9cid\u00e9 de se s\u00e9parer, le coach trico\u00adlore avait publi\u00e9 un&hellip;\n","protected":false},"author":2,"featured_media":22933,"comment_status":"","ping_status":"","sticky":false,"template":"","format":"standard","meta":{"footnotes":""},"categories":[1415],"tags":[1011,27,8447,60,1467],"class_list":{"0":"post-361264","1":"post","2":"type-post","3":"status-publish","4":"format-standard","5":"has-post-thumbnail","7":"category-tennis","8":"tag-fr","9":"tag-france","10":"tag-osaka","11":"tag-sports","12":"tag-tennis"},"share_on_mastodon":{"url":"https:\/\/pubeurope.com\/@fr\/115135878458772918","error":""},"_links":{"self":[{"href":"https:\/\/www.europesays.com\/fr\/wp-json\/wp\/v2\/posts\/361264","targetHints":{"allow":["GET"]}}],"collection":[{"href":"https:\/\/www.europesays.com\/fr\/wp-json\/wp\/v2\/posts"}],"about":[{"href":"https:\/\/www.europesays.com\/fr\/wp-json\/wp\/v2\/types\/post"}],"author":[{"embeddable":true,"href":"https:\/\/www.europesays.com\/fr\/wp-json\/wp\/v2\/users\/2"}],"replies":[{"embeddable":true,"href":"https:\/\/www.europesays.com\/fr\/wp-json\/wp\/v2\/comments?post=361264"}],"version-history":[{"count":0,"href":"https:\/\/www.europesays.com\/fr\/wp-json\/wp\/v2\/posts\/361264\/revisions"}],"wp:featuredmedia":[{"embeddable":true,"href":"https:\/\/www.europesays.com\/fr\/wp-json\/wp\/v2\/media\/22933"}],"wp:attachment":[{"href":"https:\/\/www.europesays.com\/fr\/wp-json\/wp\/v2\/media?parent=361264"}],"wp:term":[{"taxonomy":"category","embeddable":true,"href":"https:\/\/www.europesays.com\/fr\/wp-json\/wp\/v2\/categories?post=361264"},{"taxonomy":"post_tag","embeddable":true,"href":"https:\/\/www.europesays.com\/fr\/wp-json\/wp\/v2\/tags?post=361264"}],"curies":[{"name":"wp","href":"https:\/\/api.w.org\/{rel}","templated":true}]}}