{"id":361265,"date":"2025-09-02T17:27:21","date_gmt":"2025-09-02T17:27:21","guid":{"rendered":"https:\/\/www.europesays.com\/fr\/361265\/"},"modified":"2025-09-02T17:27:21","modified_gmt":"2025-09-02T17:27:21","slug":"preparation-eurobasket-cest-le-jour-1","status":"publish","type":"post","link":"https:\/\/www.europesays.com\/fr\/361265\/","title":{"rendered":"Pr\u00e9paration EuroBasket : c\u2019est le jour 1"},"content":{"rendered":"<p>Ils ont quitt\u00e9 l\u2019INSEP mardi en fin d\u2019apr\u00e8s-midi apr\u00e8s une journ\u00e9e consacr\u00e9e \u00e0 la cr\u00e9ation de contenus et aux conf\u00e9rences de presse. Direction la gare Montparnasse pour un voyage en train qui les a men\u00e9s \u00e0 La Roche-sur-Yon. Les Bleus ont ainsi pris leurs quartiers pour six jours en Vend\u00e9e et acc\u00e9l\u00e9rer leur pr\u00e9paration avec l\u2019int\u00e9gration des joueurs NBA. Un affrontement avec le Mont\u00e9n\u00e9gro est programm\u00e9 lundi 4 ao\u00fbt pour conclure ce bloc de travail.<\/p>\n<p>Mercredi matin, les internationaux n\u2019ont pas ch\u00f4m\u00e9 avec un entra\u00eenement de plus de trois heures d\u00e9coup\u00e9 en plusieurs phases. La r\u00e9p\u00e9tition des syst\u00e8mes offensifs pour la moiti\u00e9 du groupe pendant que l\u2019autre restait entre les mains du pr\u00e9parateur physique Julien Colombo dans un premier temps. Du 4&#215;4 ensuite, des exercices de surnombre et enfin du 5&#215;5 tout terrain. L\u2019occasion de rapidement constater que cette \u00c9quipe de France \u00e9voluera en tr\u00e8s haute altitude, tant les qualit\u00e9s athl\u00e9tiques de la jeune g\u00e9n\u00e9ration sont spectaculaires. L&rsquo;intensit\u00e9 de Moussa Diabat\u00e9, la verticalit\u00e9 d&rsquo;Alexandre Sarr, l&rsquo;adresse d&rsquo;Ousmane Dieng, de nouvelles options sont apparues pour Fr\u00e9d\u00e9ric Fauthoux et son staff et la concurrence est rude pour une place dans les 12.<\/p>\n<p>La s\u00e9ance s\u2019est conclue sur un moment d\u2019\u00e9change avec l\u2019\u00c9quipe de France U20 f\u00e9minines qui d\u00e9butera son Euro le week-end prochain. Fr\u00e9d\u00e9ric Fauthoux et Boris Diaw ont ensuite distribu\u00e9 les maillots aux joueuses d\u2019Emmanuel Body, venues des Sables-d\u2019Olonne pour l\u2019occasion.<\/p><\/p>\n","protected":false},"excerpt":{"rendered":"Ils ont quitt\u00e9 l\u2019INSEP mardi en fin d\u2019apr\u00e8s-midi apr\u00e8s une journ\u00e9e consacr\u00e9e \u00e0 la cr\u00e9ation de contenus et&hellip;\n","protected":false},"author":2,"featured_media":361266,"comment_status":"","ping_status":"","sticky":false,"template":"","format":"standard","meta":{"footnotes":""},"categories":[1414],"tags":[1465,1464,1011,27,60],"class_list":{"0":"post-361265","1":"post","2":"type-post","3":"status-publish","4":"format-standard","5":"has-post-thumbnail","7":"category-basket","8":"tag-basket","9":"tag-basketball","10":"tag-fr","11":"tag-france","12":"tag-sports"},"share_on_mastodon":{"url":"https:\/\/pubeurope.com\/@fr\/115135882518358315","error":""},"_links":{"self":[{"href":"https:\/\/www.europesays.com\/fr\/wp-json\/wp\/v2\/posts\/361265","targetHints":{"allow":["GET"]}}],"collection":[{"href":"https:\/\/www.europesays.com\/fr\/wp-json\/wp\/v2\/posts"}],"about":[{"href":"https:\/\/www.europesays.com\/fr\/wp-json\/wp\/v2\/types\/post"}],"author":[{"embeddable":true,"href":"https:\/\/www.europesays.com\/fr\/wp-json\/wp\/v2\/users\/2"}],"replies":[{"embeddable":true,"href":"https:\/\/www.europesays.com\/fr\/wp-json\/wp\/v2\/comments?post=361265"}],"version-history":[{"count":0,"href":"https:\/\/www.europesays.com\/fr\/wp-json\/wp\/v2\/posts\/361265\/revisions"}],"wp:featuredmedia":[{"embeddable":true,"href":"https:\/\/www.europesays.com\/fr\/wp-json\/wp\/v2\/media\/361266"}],"wp:attachment":[{"href":"https:\/\/www.europesays.com\/fr\/wp-json\/wp\/v2\/media?parent=361265"}],"wp:term":[{"taxonomy":"category","embeddable":true,"href":"https:\/\/www.europesays.com\/fr\/wp-json\/wp\/v2\/categories?post=361265"},{"taxonomy":"post_tag","embeddable":true,"href":"https:\/\/www.europesays.com\/fr\/wp-json\/wp\/v2\/tags?post=361265"}],"curies":[{"name":"wp","href":"https:\/\/api.w.org\/{rel}","templated":true}]}}