{"id":361267,"date":"2025-09-02T17:28:04","date_gmt":"2025-09-02T17:28:04","guid":{"rendered":"https:\/\/www.europesays.com\/fr\/361267\/"},"modified":"2025-09-02T17:28:04","modified_gmt":"2025-09-02T17:28:04","slug":"espargaro-conseille-a-acosta-de-canaliser-son-impatience-pour-progresser","status":"publish","type":"post","link":"https:\/\/www.europesays.com\/fr\/361267\/","title":{"rendered":"Espargar\u00f3 conseille \u00e0 Acosta de canaliser son impatience pour progresser"},"content":{"rendered":"<p>Depuis son arriv\u00e9e dans la cat\u00e9gorie reine, Acosta impressionne par sa vitesse mais peine \u00e0 transformer r\u00e9guli\u00e8rement son potentiel en r\u00e9sultats. Trop souvent, son agressivit\u00e9 le pousse \u00e0 commettre des erreurs qui lui co\u00fbtent cher au championnat.<\/p>\n<p><b>Un talent brut \u00e0 canaliser<\/b><\/p>\n<p>Depuis son arriv\u00e9e dans la cat\u00e9gorie reine, Acosta impressionne par sa vitesse mais peine \u00e0 transformer r\u00e9guli\u00e8rement son potentiel en r\u00e9sultats. Trop souvent, son agressivit\u00e9 le pousse \u00e0 commettre des erreurs qui lui co\u00fbtent cher au championnat.<\/p>\n<blockquote>\n<p>\u201cIl est jeune, il est super talentueux et \u2013 il m&rsquo;a aussi fallu beaucoup de temps pour l&rsquo;accepter \u2013 il voit des pilotes moins talentueux que lui le battre. Quand tu es jeune et que tu vois ce genre de choses, tu trouves \u00e7a super injuste, \u00e7a l&rsquo;est, c&rsquo;est injuste&#8230; mais c&rsquo;est comme \u00e7a. Parfois, le MotoGP n&rsquo;est pas juste, la vie en g\u00e9n\u00e9ral, mais le MotoGP n&rsquo;est pas toujours un sport juste. On se bat contre \u00e7a et parfois, il faut comprendre qu&rsquo;il faut finir sixi\u00e8me, et que c&rsquo;est n\u00e9cessaire. Ce n&rsquo;est pas sympa mais c&rsquo;est quelque chose que l&rsquo;on commence \u00e0 comprendre en murissant, avec plus d&rsquo;exp\u00e9rience. Je pense qu&rsquo;il est dans ce processus.\u201d Exprime Espargar\u00f3, source : <a href=\"http:\/\/motorsport.com\" target=\"_blank\" rel=\"noopener\">motorsport.com<\/a>\u00a0<\/p>\n<\/blockquote>\n<p>Pour l\u2019ancien pilote, cette \u00e9tape fait partie du parcours de tout champion. D\u00e9velopper de la r\u00e9gularit\u00e9, \u00e9viter les fautes et accepter les limites de son package sont essentiels pour franchir un cap et viser les sommets \u00e0 moyen terme. \u00c0 seulement 21 ans, Pedro Acosta incarne l\u2019avenir du MotoGP. Mais comme le rappelle Pol Espargar\u00f3, son impatience pourrait freiner sa progression. Patience, discipline et constance seront ses meilleurs alli\u00e9s pour transformer son talent en titres.<\/p>\n<p>    Partagez cette info avec vos amis et vos proches en cliquant ici  <\/p>\n<p> Podcasts \u00e0 la une MEN LIFE <\/p>\n<p>    MotoGP : Espargar\u00f3 avertit Acosta, la patience comme cl\u00e9 de progression<\/p>\n<p>Pol Espargar\u00f3 estime que Pedro Acosta doit apprendre \u00e0 canaliser son agressivit\u00e9. Malgr\u00e9 son talent \u00e9vident, le jeune Espagnol doit accepter certaines d\u00e9faites pour gagner en maturit\u00e9 et viser durablement les sommets du MotoGP.<\/p>\n<p>R\u00e9dacteur<\/p>\n<p><img decoding=\"async\" width=\"76\" height=\"76\" loading=\"lazy\" src=\"https:\/\/www.europesays.com\/fr\/wp-content\/uploads\/2025\/04\/avatar-sport-am.png\" alt=\"Victor Teyssier\"\/><\/p>\n","protected":false},"excerpt":{"rendered":"Depuis son arriv\u00e9e dans la cat\u00e9gorie reine, Acosta impressionne par sa vitesse mais peine \u00e0 transformer r\u00e9guli\u00e8rement son&hellip;\n","protected":false},"author":2,"featured_media":361268,"comment_status":"","ping_status":"","sticky":false,"template":"","format":"standard","meta":{"footnotes":""},"categories":[1413],"tags":[1011,27,1457,1456,60],"class_list":{"0":"post-361267","1":"post","2":"type-post","3":"status-publish","4":"format-standard","5":"has-post-thumbnail","7":"category-moto","8":"tag-fr","9":"tag-france","10":"tag-moto","11":"tag-motocycle","12":"tag-sports"},"share_on_mastodon":{"url":"https:\/\/pubeurope.com\/@fr\/115135887073977082","error":""},"_links":{"self":[{"href":"https:\/\/www.europesays.com\/fr\/wp-json\/wp\/v2\/posts\/361267","targetHints":{"allow":["GET"]}}],"collection":[{"href":"https:\/\/www.europesays.com\/fr\/wp-json\/wp\/v2\/posts"}],"about":[{"href":"https:\/\/www.europesays.com\/fr\/wp-json\/wp\/v2\/types\/post"}],"author":[{"embeddable":true,"href":"https:\/\/www.europesays.com\/fr\/wp-json\/wp\/v2\/users\/2"}],"replies":[{"embeddable":true,"href":"https:\/\/www.europesays.com\/fr\/wp-json\/wp\/v2\/comments?post=361267"}],"version-history":[{"count":0,"href":"https:\/\/www.europesays.com\/fr\/wp-json\/wp\/v2\/posts\/361267\/revisions"}],"wp:featuredmedia":[{"embeddable":true,"href":"https:\/\/www.europesays.com\/fr\/wp-json\/wp\/v2\/media\/361268"}],"wp:attachment":[{"href":"https:\/\/www.europesays.com\/fr\/wp-json\/wp\/v2\/media?parent=361267"}],"wp:term":[{"taxonomy":"category","embeddable":true,"href":"https:\/\/www.europesays.com\/fr\/wp-json\/wp\/v2\/categories?post=361267"},{"taxonomy":"post_tag","embeddable":true,"href":"https:\/\/www.europesays.com\/fr\/wp-json\/wp\/v2\/tags?post=361267"}],"curies":[{"name":"wp","href":"https:\/\/api.w.org\/{rel}","templated":true}]}}