{"id":361273,"date":"2025-09-02T17:31:13","date_gmt":"2025-09-02T17:31:13","guid":{"rendered":"https:\/\/www.europesays.com\/fr\/361273\/"},"modified":"2025-09-02T17:31:13","modified_gmt":"2025-09-02T17:31:13","slug":"un-interet-en-belgique-pour-jhoanner-chavez","status":"publish","type":"post","link":"https:\/\/www.europesays.com\/fr\/361273\/","title":{"rendered":"Un int\u00e9r\u00eat en Belgique pour Jhoanner Chavez"},"content":{"rendered":"<p>Le mercato est termin\u00e9 en France. Mais si le <strong>RC Lens<\/strong> ne peut plus acheter de joueur, il peut encore en c\u00e9der dans les championnats toujours ouverts. C\u2019est notamment le cas en Belgique o\u00f9 le mercato va durer jusqu\u2019au 8 septembre.<\/p>\n<p>Un int\u00e9r\u00eat existerait justement du c\u00f4t\u00e9 de la Gantoise pour le piston gauche <strong>lensois Jhoanner Chavez<\/strong>, selon <a href=\"https:\/\/www.nieuwsblad.be\/sport\/voetbal\/ajax-zet-druk-op-anderlecht-om-dolberg-los-te-weken-dimata-speelt-dit-seizoen-in-de-champions-league\/67040684.html\" target=\"_blank\" rel=\"noopener nofollow\">Het Nieuwsblad<\/a>, l\u2019un des principaux m\u00e9dias flamands qui \u00e9voque m\u00eame un contact. Le club belge cherche un rempla\u00e7ant \u00e0 l\u2019Anglais Archie Brown, parti au Fenerbah\u00e7e. Un int\u00e9r\u00eat qui ne serait pas forc\u00e9ment \u00e9tranger \u00e0 la pr\u00e9sence dans le staff de la Gantoise de <strong>Nicolas Still<\/strong>, ancien adjoint de son fr\u00e8re Will au Racing et qui \u00e9volue d\u00e9sormais sous la coupe d\u2019Ivan Leko. Apr\u00e8s son d\u00e9part de Lens, il est en effet retourn\u00e9 en Belgique tout comme son a\u00een\u00e9 \u00a0Edward, qui occupe quant \u00e0 lui des fonctions au sein du staff d\u2019Anderlecht. Nicolas Still connait donc bien Jhoanner Chavez, que son fr\u00e8re Will destinait \u00e0 un r\u00f4le plus haut sur le terrain, \u00e9voquant une possible \u00e9volution \u201c\u00e0 la Gareth Bale\u201d, dans le sens o\u00f9 le Gallois \u00e9tait pass\u00e9 d\u2019arri\u00e8re gauche \u00e0 un registre purement offensif.<\/p>\n<p>De la concurrence \u00e0 Lens<\/p>\n<p><img loading=\"lazy\" decoding=\"async\" class=\"size-medium wp-image-279219 aligncenter lazyload\" alt=\"jhoanner chavez entra\u00eenement p\" width=\"600\" height=\"400\" src=\"https:\/\/www.europesays.com\/fr\/wp-content\/uploads\/2025\/09\/jhoanner-chavez-entrainement-p-600x400.jpg\" data-eio-rwidth=\"600\" data-eio-rheight=\"400\"\/><\/p>\n<p>Au <strong>RC Lens<\/strong>, <strong>Jhoanner Chavez<\/strong> apparait dans une situation un peu d\u00e9licate. Actuellement sur le retour d\u2019une longue blessure \u00e0 la cheville, il fait face \u00e0 une concurrence qui s\u2019est renforc\u00e9e. Outre <strong>Deiver Machado<\/strong>, Pierre Sage dispose d\u2019autres belles options comme<strong> Anthony Bermont<\/strong> et <strong>Matthieu Udol<\/strong>.<\/p>\n","protected":false},"excerpt":{"rendered":"Le mercato est termin\u00e9 en France. Mais si le RC Lens ne peut plus acheter de joueur, il&hellip;\n","protected":false},"author":2,"featured_media":361274,"comment_status":"","ping_status":"","sticky":false,"template":"","format":"standard","meta":{"footnotes":""},"categories":[1410],"tags":[63,1011,27,60],"class_list":{"0":"post-361273","1":"post","2":"type-post","3":"status-publish","4":"format-standard","5":"has-post-thumbnail","7":"category-football","8":"tag-football","9":"tag-fr","10":"tag-france","11":"tag-sports"},"share_on_mastodon":{"url":"https:\/\/pubeurope.com\/@fr\/115135898355273975","error":""},"_links":{"self":[{"href":"https:\/\/www.europesays.com\/fr\/wp-json\/wp\/v2\/posts\/361273","targetHints":{"allow":["GET"]}}],"collection":[{"href":"https:\/\/www.europesays.com\/fr\/wp-json\/wp\/v2\/posts"}],"about":[{"href":"https:\/\/www.europesays.com\/fr\/wp-json\/wp\/v2\/types\/post"}],"author":[{"embeddable":true,"href":"https:\/\/www.europesays.com\/fr\/wp-json\/wp\/v2\/users\/2"}],"replies":[{"embeddable":true,"href":"https:\/\/www.europesays.com\/fr\/wp-json\/wp\/v2\/comments?post=361273"}],"version-history":[{"count":0,"href":"https:\/\/www.europesays.com\/fr\/wp-json\/wp\/v2\/posts\/361273\/revisions"}],"wp:featuredmedia":[{"embeddable":true,"href":"https:\/\/www.europesays.com\/fr\/wp-json\/wp\/v2\/media\/361274"}],"wp:attachment":[{"href":"https:\/\/www.europesays.com\/fr\/wp-json\/wp\/v2\/media?parent=361273"}],"wp:term":[{"taxonomy":"category","embeddable":true,"href":"https:\/\/www.europesays.com\/fr\/wp-json\/wp\/v2\/categories?post=361273"},{"taxonomy":"post_tag","embeddable":true,"href":"https:\/\/www.europesays.com\/fr\/wp-json\/wp\/v2\/tags?post=361273"}],"curies":[{"name":"wp","href":"https:\/\/api.w.org\/{rel}","templated":true}]}}