{"id":361275,"date":"2025-09-02T17:32:15","date_gmt":"2025-09-02T17:32:15","guid":{"rendered":"https:\/\/www.europesays.com\/fr\/361275\/"},"modified":"2025-09-02T17:32:15","modified_gmt":"2025-09-02T17:32:15","slug":"cest-intenable-le-verdict-est-tombe-pour-moundir-apres-plusieurs-jours-dattente","status":"publish","type":"post","link":"https:\/\/www.europesays.com\/fr\/361275\/","title":{"rendered":"\u00ab\u00a0C&rsquo;est intenable\u00a0\u00bb : Le verdict est tomb\u00e9 pour Moundir apr\u00e8s plusieurs jours d&rsquo;attente"},"content":{"rendered":"<p>            <img loading=\"lazy\" decoding=\"async\" src=\"https:\/\/www.europesays.com\/fr\/wp-content\/uploads\/2025\/04\/46-60dc2be635167-35x35-1.jpg\" class=\"author-article-picture\" width=\"35\" height=\"35\"\/><\/p>\n<p>                Par<br \/>\n                                    <a class=\"author-article-bio-link\" href=\"https:\/\/www.purepeople.com\/auteur\/sandra-ratesson_a46\" rel=\"nofollow noopener\" target=\"_blank\">Sandra Ratesson<\/a><br \/>\n                                                    | Chef de rubrique m\u00e9dias<\/p>\n<p>\n                A bient\u00f4t 38 ans, Sandra Ratesson en a vu d\u00e9filer des \u00e9missions de t\u00e9l\u00e9vision, des animateurs et des candidats de t\u00e9l\u00e9-r\u00e9alit\u00e9. Membre de la g\u00e9n\u00e9ration Club Doroth\u00e9e, elle a vu l\u2019apparition mais aussi l\u2019extinction de nombreux programmes. La sc\u00e8ne du rapprochement physique entre Loana et Jean-Edouard dans la piscine de Loft Story, elle l\u2019a vu en direct gr\u00e2ce \u00e0 un abonnement ADSL d\u2019\u00e9poque.\n            <\/p>\n<p>\n    Moundir, ex-star de \u00ab\u00a0Koh-Lanta\u00a0\u00bb et animateur, est en train de traverser un moment compliqu\u00e9. Depuis plusieurs jours, il souffre le martyre et le diagnostic a \u00e9t\u00e9 long \u00e0 \u00eatre pos\u00e9. En story de son compte Instagram, le p\u00e8re de famille a livr\u00e9 les d\u00e9tails de sa m\u00e9saventure.\n<\/p>\n<p>                            <img loading=\"lazy\" decoding=\"async\" class=\"player-thumbnail\" src=\"https:\/\/www.europesays.com\/fr\/wp-content\/uploads\/2025\/09\/496f7fa8a0108aa7-580x326-3.jpg\" width=\"580\" height=\"326\"\/><\/p>\n<p>                    \u00ab\u00a0C&rsquo;est intenable\u00a0\u00bb : Le verdict est tomb\u00e9 pour Moundir apr\u00e8s plusieurs jours d&rsquo;attente<\/p>\n<p>La suite apr\u00e8s la publicit\u00e9<\/p>\n<p>Deux s\u00e9jours aux urgences et cela ne va toujours pas mieux. Moundir, aventurier \u00e9mbl\u00e9matique de Koh-Lanta,\u00a0 ne se sent pas bien depuis mercredi dernier. En cause, <strong>des douleurs \u00ab\u00a0<\/strong><strong>insupportables<\/strong><strong>\u00a0\u00bb qui partent d&rsquo;un rein.<\/strong> Depuis son lit d&rsquo;h\u00f4pital, <a href=\"https:\/\/www.purepeople.com\/people\/moundir_p2613\" rel=\"nofollow noopener\" target=\"_blank\">Moundir<\/a> a racont\u00e9 ce qu&rsquo;il traverse depuis plusieurs jours \u00e0 pr\u00e9sent en prennat la parole en story Instagram.\u00a0<\/p>\n<p>Alors qu&rsquo;il devait se rendre \u00e0 Toulouse avec sa femme, celui qui a anim\u00e9 Les apprentis aventuriers a \u00e9t\u00e9 contraint d&rsquo;annuler son voyage suite \u00e0 d&rsquo;impressionnantes douleurs. Aux urgences, on lui a alors donn\u00e9 de la morphine le temps de comprendre ce qu&rsquo;il se passait mais cela n&rsquo;a pas \u00e9t\u00e9 simple. On lui diagnostique alors une colique n\u00e9phr\u00e9tique &#8211; douleur aigu\u00eb, unilat\u00e9rale et lombaire le plus souvent due \u00e0 la pr\u00e9sence d&rsquo;un calcul dans l&rsquo;un des 2 uret\u00e8res.\u00a0<\/p>\n<p>Mais obtenir un cr\u00e9neau pour passer un scanner ou une IRM pour en savoir plus \u00e9tant impossible, m\u00eame \u00e0 l&rsquo;h\u00f4pital, personne n&rsquo;a pu confirmer ce qu&rsquo;il avait vraiment. Le p\u00e8re de famille a alors \u00e9t\u00e9 renvoy\u00e9 chez lui, calmants \u00e0 la main. Quelques heures plus tard, son \u00e9tat ne change pas et sa femme d\u00e9cide alors de lui trouver co\u00fbte que co\u00fbte une place pour passer un scanner. Elle y parvient et c&rsquo;est tant mieux puisqu&rsquo;<strong>un caillot de 5 millim\u00e8tres coinc\u00e9 dans le rein gauche lui a \u00e9t\u00e9 trouv\u00e9<\/strong>.\u00a0<\/p>\n<p>Son m\u00e9decin de famille lui ordonne de se rendre aux urgences et apr\u00e8s de nouveaux examens et un rendez-vous \u00e0 venir avec un urologue, une op\u00e9ration devrait avoir lieu. Moundir devrait donc bient\u00f4t voir son \u00e9tat s&rsquo;am\u00e9liorer et surtout ne plus ressentir ces terribles douleurs qui sont consid\u00e9r\u00e9es comme aussi intenses que celles d&rsquo;un accouchement. \u00ab\u00a0Je peux vous assurer que c&rsquo;est intenable, j&rsquo;arrive \u00e0 tenir face \u00e0 la douleur d&rsquo;une fracture du tibia mais cette douleur-l\u00e0, j&rsquo;esp\u00e8re ne plus jamais la subir\u00a0\u00bb, a-t-il d\u00e9clar\u00e9 en story Instagram.\u00a0<\/p>\n<p>Moundir a \u00e9chapp\u00e9 de peu \u00e0 la mort il y a quelques ann\u00e9es<\/p>\n<p>Moundir avait d\u00e9j\u00e0 v\u00e9cu un moment compliqu\u00e9 \u00e0 cause sa sant\u00e9. En mars 2021, il avait \u00e9t\u00e9 hospitalis\u00e9 et en r\u00e9animation \u00e0 cause du Covid, ses m\u00e9decins estimant qu&rsquo;il avait \u00ab\u00a01 chance sur 4\u00a0\u00bb de s&rsquo;en sortir. \u00ab\u00a0J&rsquo;ai eu le variant anglais du Covid qui m&rsquo;a attaqu\u00e9 les poumons. Je suis sorti de l&rsquo;h\u00f4pital comme un l\u00e9gume apr\u00e8s 18 jours. J&rsquo;ai fait une embolie pulmonaire, puis un \u00e9panchement plural avec des douleurs horribles\u00a0\u00bb, avait confi\u00e9 Moundir \u00e0 T\u00e9l\u00e9-Loisirs. L&rsquo;aventurier a perdu 20 kilos et a retrouv\u00e9 son souffle quelque temps plus tard.\u00a0<\/p>\n","protected":false},"excerpt":{"rendered":"Par Sandra Ratesson | Chef de rubrique m\u00e9dias A bient\u00f4t 38 ans, Sandra Ratesson en a vu d\u00e9filer&hellip;\n","protected":false},"author":2,"featured_media":361276,"comment_status":"","ping_status":"","sticky":false,"template":"","format":"standard","meta":{"footnotes":""},"categories":[1359],"tags":[58,59,1011,27,973],"class_list":{"0":"post-361275","1":"post","2":"type-post","3":"status-publish","4":"format-standard","5":"has-post-thumbnail","7":"category-people","8":"tag-divertissement","9":"tag-entertainment","10":"tag-fr","11":"tag-france","12":"tag-people"},"share_on_mastodon":{"url":"https:\/\/pubeurope.com\/@fr\/115135902615077850","error":""},"_links":{"self":[{"href":"https:\/\/www.europesays.com\/fr\/wp-json\/wp\/v2\/posts\/361275","targetHints":{"allow":["GET"]}}],"collection":[{"href":"https:\/\/www.europesays.com\/fr\/wp-json\/wp\/v2\/posts"}],"about":[{"href":"https:\/\/www.europesays.com\/fr\/wp-json\/wp\/v2\/types\/post"}],"author":[{"embeddable":true,"href":"https:\/\/www.europesays.com\/fr\/wp-json\/wp\/v2\/users\/2"}],"replies":[{"embeddable":true,"href":"https:\/\/www.europesays.com\/fr\/wp-json\/wp\/v2\/comments?post=361275"}],"version-history":[{"count":0,"href":"https:\/\/www.europesays.com\/fr\/wp-json\/wp\/v2\/posts\/361275\/revisions"}],"wp:featuredmedia":[{"embeddable":true,"href":"https:\/\/www.europesays.com\/fr\/wp-json\/wp\/v2\/media\/361276"}],"wp:attachment":[{"href":"https:\/\/www.europesays.com\/fr\/wp-json\/wp\/v2\/media?parent=361275"}],"wp:term":[{"taxonomy":"category","embeddable":true,"href":"https:\/\/www.europesays.com\/fr\/wp-json\/wp\/v2\/categories?post=361275"},{"taxonomy":"post_tag","embeddable":true,"href":"https:\/\/www.europesays.com\/fr\/wp-json\/wp\/v2\/tags?post=361275"}],"curies":[{"name":"wp","href":"https:\/\/api.w.org\/{rel}","templated":true}]}}