{"id":361277,"date":"2025-09-02T17:33:11","date_gmt":"2025-09-02T17:33:11","guid":{"rendered":"https:\/\/www.europesays.com\/fr\/361277\/"},"modified":"2025-09-02T17:33:11","modified_gmt":"2025-09-02T17:33:11","slug":"modigliani-et-soutine-quand-deux-genies-etrangers-se-rencontrent-a-paris","status":"publish","type":"post","link":"https:\/\/www.europesays.com\/fr\/361277\/","title":{"rendered":"Modigliani et Soutine, quand deux g\u00e9nies \u00e9trangers se rencontrent \u00e0 Paris"},"content":{"rendered":"<p><strong>CRITIQUE.<\/strong> Passionnant documentaire sur les deux grands peintres que la passion de l\u2019art, de Rembrandt \u00e0 C\u00e9zanne, du Louvre au Trocad\u00e9ro, va unir.<\/p>\n<p class=\"fig-paragraph\">Son visage d\u2019archange, sa vie de mis\u00e8re, son go\u00fbt immod\u00e9r\u00e9 pour l\u2019alcool et les drogues et sa mort \u00e0 35\u00a0ans ont fait d\u2019<a href=\"http:\/\/www.lefigaro.fr\/arts-expositions\/au-musee-de-l-orangerie-a-paris-modigliani-chez-son-marchand-20231104\" data-fig-type=\"Article\" data-gtm-custom-categorie=\"navigation\" data-gtm-custom-action=\"crossclick\" data-gtm-custom-label=\"Contextuel\" data-gtm-event=\"customEventSPE\" data-fig-domain=\"LEFIGARO\" target=\"_blank\" rel=\"noopener\">Amedeo Modigliani<\/a>\u00a0(1884-1920) une l\u00e9gende. Ainsi s\u2019ouvre Modigliani-Soutine, derniers boh\u00e8mes de Montparnasse, le documentaire r\u00e9alis\u00e9 par Catherine Aventurier en 2016, sur le beau visage apollinien de Modigliani plus port\u00e9 sur le versant dionysiaque de l\u2019existence. \u00ab\u00a0Le dernier des peintres maudits\u00a0\u00bb, cet arch\u00e9type de l\u2019artiste, parisien d\u2019adoption depuis d\u00e9j\u00e0 8\u00a0ans, le prince italien de Montparnasse qui d\u00e9clame des vers de Dante et emporte partout avec lui Les Chants de Maldoror de Lautr\u00e9amont, ce \u00ab\u00a0boh\u00e9mien authentique qui refuse de faire de son art un moyen pour vivre\u00a0\u00bb, souligne Sophie Krebs, conservatrice g\u00e9n\u00e9rale au Mus\u00e9e d\u2019art moderne de Paris.<\/p>\n<p class=\"fig-paragraph\">\u00c9migr\u00e9 juif russe \u00e0 Paris, slave des confins de la Russie, n\u00e9 pr\u00e8s de Minsk en Bi\u00e9lorussie, parlant tout juste fran\u00e7ais, \u00ab\u00a0laid pour les uns, sale pour les autres\u00a0\u00bb,\u00a0<a href=\"https:\/\/www.lefigaro.fr\/arts-expositions\/2013\/01\/04\/03015-20130104ARTFIG00522-soutine-l-incompris.php\" data-fig-type=\"Article\" data-gtm-custom-categorie=\"navigation\" data-gtm-custom-action=\"crossclick\" data-gtm-custom-label=\"Contextuel\" data-gtm-event=\"customEventSPE\" data-fig-domain=\"LEFIGARO\" target=\"_blank\" rel=\"noopener\">Cha\u00efm Soutine<\/a>\u00a0(1893-1943) n\u2019a pas la m\u00eame prestance. Ni le m\u00eame \u00e9cho tant ses toiles charnelles bousculent et choquent, m\u00eame s\u2019il est consid\u00e9r\u00e9 comme un \u00ab\u00a0proph\u00e8te de la peinture outre-Atlantique\u00a0\u00bb et si\u00a0<a href=\"http:\/\/www.lefigaro.fr\/culture\/jackson-pollock-est-de-ces-grandes-figures-de-l-art-moderne-influencees-par-picasso-un-americain-dans-le-sillage-du-peintre-espagnol-20241211\" data-fig-type=\"Article\" data-gtm-custom-categorie=\"navigation\" data-gtm-custom-action=\"crossclick\" data-gtm-custom-label=\"Contextuel\" data-gtm-event=\"customEventSPE\" data-fig-domain=\"LEFIGARO\" target=\"_blank\" rel=\"noopener\">Jackson Pollock<\/a>, Willem De Kooning et\u00a0<a href=\"http:\/\/www.lefigaro.fr\/arts-expositions\/mon-enfance-je-la-vois-comme-tres-lourde-tres-froide-francis-bacon-peintre-de-la-violence-eleve-a-coups-de-ceinture-20250809\" data-fig-type=\"Article\" data-gtm-custom-categorie=\"navigation\" data-gtm-custom-action=\"crossclick\" data-gtm-custom-label=\"Contextuel\" data-gtm-event=\"customEventSPE\" data-fig-domain=\"LEFIGARO\" target=\"_blank\" rel=\"noopener\">Francis Bacon<\/a>\u00a0s\u2019affirment comme ses h\u00e9ritiers. C\u2019est presque le portrait de Dorian Gray en deux personnages, l\u2019envers et l\u2019endroit, tout et son contraire. Ils se rencontrent \u00e0 Paris en 1915, en pleine guerre, par l\u2019interm\u00e9diaire du sculpteur lituanien, Jacques Lipchitz (1891-1973) qui entend faire d\u00e9couvrir les artistes juifs ashk\u00e9nazes \u00e0 Modigliani, jusqu\u2019alors plus marqu\u00e9 par la la\u00efcit\u00e9 que par sa juda\u00efcit\u00e9. Leur improbable et fulgurante amiti\u00e9 ne durera que cinq ann\u00e9es.<\/p>\n<p>                                    <a class=\"fig-a11y-skip a11y-hidden\" href=\"#fig-a11y-skip-main-inarticle\"><br \/>\n        Passer la publicit\u00e9<br \/>\n    <\/a><\/p>\n<p class=\"fig-paragraph\"><a href=\"http:\/\/www.lefigaro.fr\/international\/comment-le-vatican-ecarta-chagall-20210701\" data-fig-type=\"Article\" data-gtm-custom-categorie=\"navigation\" data-gtm-custom-action=\"crossclick\" data-gtm-custom-label=\"Contextuel\" data-gtm-event=\"customEventSPE\" data-fig-domain=\"LEFIGARO\" target=\"_blank\" rel=\"noopener\">Marc Chagall\u00a0<\/a>originaire de Vitebsk comme Ossip Zadkine, Mo\u00efse Kisling originaire de Cracovie, c\u2019est un nouveau monde de l\u2019art qui s\u2019ouvre sous ses yeux. Ils ont en commun la culture juive du d\u00e9bat et du questionnement, de nombreux textes, analyse Marie-Am\u00e9lie Senot, conservatrice du LaM \u00e0 Villeneuve-d\u2019Ascq (Nord). N\u00e9 dans une famille tr\u00e8s nombreuse et tr\u00e8s pauvre, Soutine crayonne, enfant, puis ose dessiner le rabbin du village, un interdit de la Torah, qui proscrit la figuration, ce que punit le fils du rabbin, un boucher, en le rouant de coups. Sa famille obtient une compensation financi\u00e8re et envoie Soutine aux beaux-arts de\u00a0<a href=\"https:\/\/www.lefigaro.fr\/arts-expositions\/entre-jeunesse-paisible-et-grande-resilience-la-lituanie-petit-pays-grande-faim-de-culture-20240923\" data-fig-type=\"Article\" data-gtm-custom-categorie=\"navigation\" data-gtm-custom-action=\"crossclick\" data-gtm-custom-label=\"Contextuel\" data-gtm-event=\"customEventSPE\" data-fig-domain=\"LEFIGARO\" target=\"_blank\" rel=\"noopener\">Vilnius<\/a>. Il arrive \u00e0 Paris sans le sou, d\u00e9barque \u00e0 La Ruche o\u00f9 les artistes juifs qui fuient les pogroms et l\u2019antis\u00e9mitisme historique de l\u2019Europe de l\u2019Est ont trouv\u00e9 ancrage.<\/p>\n<p class=\"fig-paragraph\">Soutine et Modigliani sont r\u00e9form\u00e9s pour des raisons de sant\u00e9. Ils restent \u00e0 Paris avec les hommes en \u00e2ge de se battre qui restent en arri\u00e8re du front, les \u00e9trangers et les malades. Entre m\u00e9pris et tol\u00e9rance, on les laisse travailler. Ils partagent leur atelier, infest\u00e9 de punaises, \u00e0 la Cit\u00e9 Falgui\u00e8re et leur mis\u00e8re, la faim, le froid. Modigliani voit le talent de Soutine, de dix ans son cadet, sera son mentor. Il va peindre au moins quatre portraits de Soutine, leur conf\u00e9rant un m\u00e9lange de force, de symbolisme et de po\u00e9sie diaphane. Le film \u00e9crit par Nathalie Bourdon et Catherine Aventurier raconte, \u00e0 travers ces deux grands peintres unis par le go\u00fbt commun de l\u2019art fran\u00e7ais, des ma\u00eetres anciens et de l\u2019art classique &#8211; C\u00e9zanne pour Modigliani, Rembrandt, pour Soutine -, la naissance de l\u2019\u00c9cole de Paris.<\/p>\n","protected":false},"excerpt":{"rendered":"CRITIQUE. Passionnant documentaire sur les deux grands peintres que la passion de l\u2019art, de Rembrandt \u00e0 C\u00e9zanne, du&hellip;\n","protected":false},"author":2,"featured_media":361278,"comment_status":"","ping_status":"","sticky":false,"template":"","format":"standard","meta":{"footnotes":""},"categories":[1358],"tags":[12870,1348,1384,1385,1386,58,1190,59,1011,27,1585],"class_list":{"0":"post-361277","1":"post","2":"type-post","3":"status-publish","4":"format-standard","5":"has-post-thumbnail","7":"category-arts-et-design","8":"tag-art-moderne","9":"tag-arts","10":"tag-arts-and-design","11":"tag-arts-et-design","12":"tag-design","13":"tag-divertissement","14":"tag-documentaire","15":"tag-entertainment","16":"tag-fr","17":"tag-france","18":"tag-peinture"},"share_on_mastodon":{"url":"https:\/\/pubeurope.com\/@fr\/115135906110931396","error":""},"_links":{"self":[{"href":"https:\/\/www.europesays.com\/fr\/wp-json\/wp\/v2\/posts\/361277","targetHints":{"allow":["GET"]}}],"collection":[{"href":"https:\/\/www.europesays.com\/fr\/wp-json\/wp\/v2\/posts"}],"about":[{"href":"https:\/\/www.europesays.com\/fr\/wp-json\/wp\/v2\/types\/post"}],"author":[{"embeddable":true,"href":"https:\/\/www.europesays.com\/fr\/wp-json\/wp\/v2\/users\/2"}],"replies":[{"embeddable":true,"href":"https:\/\/www.europesays.com\/fr\/wp-json\/wp\/v2\/comments?post=361277"}],"version-history":[{"count":0,"href":"https:\/\/www.europesays.com\/fr\/wp-json\/wp\/v2\/posts\/361277\/revisions"}],"wp:featuredmedia":[{"embeddable":true,"href":"https:\/\/www.europesays.com\/fr\/wp-json\/wp\/v2\/media\/361278"}],"wp:attachment":[{"href":"https:\/\/www.europesays.com\/fr\/wp-json\/wp\/v2\/media?parent=361277"}],"wp:term":[{"taxonomy":"category","embeddable":true,"href":"https:\/\/www.europesays.com\/fr\/wp-json\/wp\/v2\/categories?post=361277"},{"taxonomy":"post_tag","embeddable":true,"href":"https:\/\/www.europesays.com\/fr\/wp-json\/wp\/v2\/tags?post=361277"}],"curies":[{"name":"wp","href":"https:\/\/api.w.org\/{rel}","templated":true}]}}