{"id":361285,"date":"2025-09-02T17:37:12","date_gmt":"2025-09-02T17:37:12","guid":{"rendered":"https:\/\/www.europesays.com\/fr\/361285\/"},"modified":"2025-09-02T17:37:12","modified_gmt":"2025-09-02T17:37:12","slug":"disney-annonce-le-grand-retour-de-manny-et-ses-amis","status":"publish","type":"post","link":"https:\/\/www.europesays.com\/fr\/361285\/","title":{"rendered":"Disney annonce le grand retour de Manny et ses amis"},"content":{"rendered":"<p>Lors d\u2019une convention organis\u00e9e samedi dernier\u00a0\u00e0 <a href=\"https:\/\/www.20minutes.fr\/dossier\/orlando\" class=\"c-link c-link--is-underlined\" target=\"_blank\" rel=\"noopener\">Orlando<\/a> (<a href=\"https:\/\/www.20minutes.fr\/monde\/etats-unis\/\" class=\"c-link c-link--is-underlined\" target=\"_blank\" rel=\"noopener\">\u00c9tats-Unis<\/a>), <a href=\"https:\/\/www.20minutes.fr\/dossier\/disney\" class=\"c-link c-link--is-underlined\" target=\"_blank\" rel=\"noopener\">Disney<\/a> a d\u00e9voil\u00e9 le titre et la date de sortie du prochain film \u00ab\u00a0L\u2019\u00c2ge de Glace\u00a0\u00bb. Ce sixi\u00e8me volet suivra une nouvelle fois les aventures de Manny et ses amis, rapporte <a href=\"https:\/\/www.bfmtv.com\/people\/cinema\/l-age-de-glace-disney-confirme-la-sortie-d-un-sixieme-volet-de-la-franchise-en-2027_AN-202509010403.html\" rel=\"nofollow noopener\" target=\"_blank\" class=\"c-link c-link--is-underlined\">BFMTV<\/a>.<\/p>\n<p class=\"mb-xxl@xs color-ultramarine font-weight-semi-bold@xs font-source-serif-pro heading-s@xs\">L\u2019acc\u00e8s \u00e0 ce contenu a \u00e9t\u00e9 bloqu\u00e9 afin de respecter votre choix de consentement<\/p>\n<p class=\"mb-m@xs text-l@xs\">En cliquant sur\u00ab J\u2019accepte \u00bb, vous acceptez le d\u00e9p\u00f4t de cookies par des services externes et aurez ainsi acc\u00e8s aux contenus de nos partenaires.<\/p>\n<p class=\"mb-xl@xs text-s@xs\">Plus d\u2019informations sur la page<a href=\"https:\/\/www.20minutes.fr\/gestion-cookies\" class=\"mx-xxs@xs color-ultramarine\" target=\"_blank\" rel=\"noopener\">Politique de gestion des cookies<\/a><\/p>\n<p>J\u2019accepte<\/p>\n<p>Baptis\u00e9 \u00ab\u00a0L\u2019\u00c2ge de Glace\u00a0: le point d\u2019\u00e9bullition\u00a0\u00bb, ce nouveau film d\u2019<a href=\"https:\/\/www.20minutes.fr\/dossier\/animation\" class=\"c-link c-link--is-underlined\" target=\"_blank\" rel=\"noopener\">animation<\/a> sera r\u00e9alis\u00e9 par Carlos Sandanha. Comme pour les pr\u00e9c\u00e9dents opus, les spectateurs devraient retrouver \u00ab\u00a0Manny, Sid, Diego, Ellie, Scrat et toute la bande d\u2019animaux dans des recoins encore inexplor\u00e9s du dangereux Monde perdu\u00a0\u00bb. Le tout dans une ambiance \u00ab\u00a0d\u00e9jant\u00e9e\u00a0\u00bb.<\/p>\n<p>Dans les salles en\u00a02027<\/p>\n<p>Le film sera diffus\u00e9\u00a0dans les salles de cin\u00e9ma fran\u00e7aises \u00e0 partir du 3\u00a0f\u00e9vrier, puis le 5\u00a0f\u00e9vrier 2027 aux \u00c9tats-Unis. Pour les voix des personnages, on retrouve les m\u00eames com\u00e9diens en version originale\u00a0: Manny, Sid et Ellie seront respectivement interpr\u00e9t\u00e9s par\u00a0Ray Romano, John Leguizamo et\u00a0Queen Latifah. Les fans fran\u00e7ais, quant \u00e0 eux, retrouveront\u00a0\u00c9lie Semoun, G\u00e9rard Lanvin et <a href=\"https:\/\/www.20minutes.fr\/cinema\/vincent-cassel\/\" class=\"c-link c-link--is-underlined\" target=\"_blank\" rel=\"noopener\">Vincent Cassel<\/a> dans les r\u00f4les de\u00a0Sid, Manny et Diego.<\/p>\n<\/p>\n<p>Cette annonce intervient trois\u00a0ans apr\u00e8s la fermeture du studio Blue Sky. Ce dernier \u00e9tait \u00e0 l\u2019origine de la franchise et de son succ\u00e8s depuis plus de vingt ans. Le premier volet, sorti en\u00a02002, avait cartonn\u00e9 aupr\u00e8s des familles, tout comme ses quatre suites\u00a0: \u00ab\u00a0L\u2019\u00c2ge de glace 2\u00a0\u00bb (2006), \u00ab\u00a0L\u2019\u00c2ge de glace 3\u00a0: Le Temps des dinosaures\u00a0\u00bb (2009), \u00ab\u00a0L\u2019\u00c2ge de glace 4 \u00a0\u00bb\u00a0: La D\u00e9rive des continents\u00a0\u00bb (2012) et \u00ab\u00a0L\u2019\u00c2ge de glace \u00a0\u00bb\u00a0: Les Lois de l\u2019Univers\u00a0\u00bb (2016).<\/p>\n","protected":false},"excerpt":{"rendered":"Lors d\u2019une convention organis\u00e9e samedi dernier\u00a0\u00e0 Orlando (\u00c9tats-Unis), Disney a d\u00e9voil\u00e9 le titre et la date de sortie&hellip;\n","protected":false},"author":2,"featured_media":361286,"comment_status":"","ping_status":"","sticky":false,"template":"","format":"standard","meta":{"footnotes":""},"categories":[1354],"tags":[650,520,58,59,73,31156,1346,1011,27,1360],"class_list":{"0":"post-361285","1":"post","2":"type-post","3":"status-publish","4":"format-standard","5":"has-post-thumbnail","7":"category-films","8":"tag-cinema","9":"tag-disney","10":"tag-divertissement","11":"tag-entertainment","12":"tag-etats-unis","13":"tag-film-danimation","14":"tag-films","15":"tag-fr","16":"tag-france","17":"tag-movies"},"share_on_mastodon":{"url":"https:\/\/pubeurope.com\/@fr\/115135921873740243","error":""},"_links":{"self":[{"href":"https:\/\/www.europesays.com\/fr\/wp-json\/wp\/v2\/posts\/361285","targetHints":{"allow":["GET"]}}],"collection":[{"href":"https:\/\/www.europesays.com\/fr\/wp-json\/wp\/v2\/posts"}],"about":[{"href":"https:\/\/www.europesays.com\/fr\/wp-json\/wp\/v2\/types\/post"}],"author":[{"embeddable":true,"href":"https:\/\/www.europesays.com\/fr\/wp-json\/wp\/v2\/users\/2"}],"replies":[{"embeddable":true,"href":"https:\/\/www.europesays.com\/fr\/wp-json\/wp\/v2\/comments?post=361285"}],"version-history":[{"count":0,"href":"https:\/\/www.europesays.com\/fr\/wp-json\/wp\/v2\/posts\/361285\/revisions"}],"wp:featuredmedia":[{"embeddable":true,"href":"https:\/\/www.europesays.com\/fr\/wp-json\/wp\/v2\/media\/361286"}],"wp:attachment":[{"href":"https:\/\/www.europesays.com\/fr\/wp-json\/wp\/v2\/media?parent=361285"}],"wp:term":[{"taxonomy":"category","embeddable":true,"href":"https:\/\/www.europesays.com\/fr\/wp-json\/wp\/v2\/categories?post=361285"},{"taxonomy":"post_tag","embeddable":true,"href":"https:\/\/www.europesays.com\/fr\/wp-json\/wp\/v2\/tags?post=361285"}],"curies":[{"name":"wp","href":"https:\/\/api.w.org\/{rel}","templated":true}]}}