{"id":361287,"date":"2025-09-02T17:38:11","date_gmt":"2025-09-02T17:38:11","guid":{"rendered":"https:\/\/www.europesays.com\/fr\/361287\/"},"modified":"2025-09-02T17:38:11","modified_gmt":"2025-09-02T17:38:11","slug":"une-mysterieuse-epidemie-dhepatite-a-frappe-lyon-apres-nantes","status":"publish","type":"post","link":"https:\/\/www.europesays.com\/fr\/361287\/","title":{"rendered":"Une myst\u00e9rieuse \u00e9pid\u00e9mie d\u2019h\u00e9patite A frappe Lyon, apr\u00e8s Nantes"},"content":{"rendered":"<p>                         <img loading=\"lazy\" decoding=\"async\" src=\"https:\/\/www.europesays.com\/fr\/wp-content\/uploads\/2025\/09\/f209898_upload-1-hngv2dnf7bmr-069-bsip-016232-008.jpg\" alt=\"Un technicien de laboratoire effectuant des recherches \u00e0 partir d\u2019images du virus de l\u2019h\u00e9patite A, le 5\u00a0septembre 2021.\"   width=\"664\" height=\"443\"\/>    Un technicien de laboratoire effectuant des recherches \u00e0 partir d\u2019images du virus de l\u2019h\u00e9patite A, le 5\u00a0septembre 2021.  IMAGE POINT FR \/ LPN \/ BSIP VIA AFP                 <\/p>\n<p class=\"article__paragraph  \">Une soudaine augmentation des cas d\u2019h\u00e9patite A dans le c\u0153ur de la m\u00e9tropole lyonnaise interroge les experts en sant\u00e9 publique. Entre janvier et juillet, 73 cas ont \u00e9t\u00e9 remont\u00e9s aux autorit\u00e9s sanitaires dans le d\u00e9partement du Rh\u00f4ne, soit quatre \u00e0 cinq fois plus qu\u2019\u00e0 la m\u00eame p\u00e9riode en\u00a02024 ou 2023, <a href=\"https:\/\/sante.gouv.fr\/IMG\/pdf\/dgs-urgent_no2025-20_hepatite_a_ara-rhone.pdf\" target=\"_blank\" rel=\"noopener nofollow\" title=\"Nouvelle fen\u00eatre\">a pr\u00e9venu la direction g\u00e9n\u00e9rale de la sant\u00e9 (DGS) dans un message envoy\u00e9 \u00e0 tous les professionnels de sant\u00e9 le 19\u00a0ao\u00fbt<\/a>. Le pic est particuli\u00e8rement marqu\u00e9 cet \u00e9t\u00e9, avec pas moins de 71 cas enregistr\u00e9s depuis le d\u00e9but du mois de juillet.<\/p>\n<p class=\"article__paragraph  \">D\u00e9tail intrigant, un tiers des personnes contamin\u00e9es r\u00e9sident dans le 7e\u00a0arrondissement de Lyon, quartier central de la rive gauche, s\u2019\u00e9tendant de la Guilloti\u00e8re, au Nord, \u00e0 Gerland, au Sud. L\u2019\u00e9pid\u00e9mie touche plusieurs autres arrondissements, et quelques cas ont \u00e9t\u00e9 identifi\u00e9s dans le reste de la m\u00e9tropole, jusqu\u2019\u00e0 Villefranche-sur-Sa\u00f4ne. Plus inqui\u00e9tant, \u00ab\u00a0une petite moiti\u00e9 des cas a une origine inexpliqu\u00e9e\u00a0\u00bb, r\u00e9v\u00e8le Julien Berra, m\u00e9decin de veille sanitaire \u00e0 l\u2019agence r\u00e9gionale de sant\u00e9 (ARS) Auvergne-Rh\u00f4ne-Alpes, qui suit le dossier de pr\u00e8s.<\/p>\n<p class=\"reading-mode-only \"><strong>Il vous reste 80.93% de cet article \u00e0 lire. La suite est r\u00e9serv\u00e9e aux abonn\u00e9s.<\/strong><\/p>\n","protected":false},"excerpt":{"rendered":"Un technicien de laboratoire effectuant des recherches \u00e0 partir d\u2019images du virus de l\u2019h\u00e9patite A, le 5\u00a0septembre 2021.&hellip;\n","protected":false},"author":2,"featured_media":361288,"comment_status":"","ping_status":"","sticky":false,"template":"","format":"standard","meta":{"footnotes":""},"categories":[10],"tags":[1011,27,72,71],"class_list":{"0":"post-361287","1":"post","2":"type-post","3":"status-publish","4":"format-standard","5":"has-post-thumbnail","7":"category-sante","8":"tag-fr","9":"tag-france","10":"tag-health","11":"tag-sante"},"share_on_mastodon":{"url":"https:\/\/pubeurope.com\/@fr\/115135925818021206","error":""},"_links":{"self":[{"href":"https:\/\/www.europesays.com\/fr\/wp-json\/wp\/v2\/posts\/361287","targetHints":{"allow":["GET"]}}],"collection":[{"href":"https:\/\/www.europesays.com\/fr\/wp-json\/wp\/v2\/posts"}],"about":[{"href":"https:\/\/www.europesays.com\/fr\/wp-json\/wp\/v2\/types\/post"}],"author":[{"embeddable":true,"href":"https:\/\/www.europesays.com\/fr\/wp-json\/wp\/v2\/users\/2"}],"replies":[{"embeddable":true,"href":"https:\/\/www.europesays.com\/fr\/wp-json\/wp\/v2\/comments?post=361287"}],"version-history":[{"count":0,"href":"https:\/\/www.europesays.com\/fr\/wp-json\/wp\/v2\/posts\/361287\/revisions"}],"wp:featuredmedia":[{"embeddable":true,"href":"https:\/\/www.europesays.com\/fr\/wp-json\/wp\/v2\/media\/361288"}],"wp:attachment":[{"href":"https:\/\/www.europesays.com\/fr\/wp-json\/wp\/v2\/media?parent=361287"}],"wp:term":[{"taxonomy":"category","embeddable":true,"href":"https:\/\/www.europesays.com\/fr\/wp-json\/wp\/v2\/categories?post=361287"},{"taxonomy":"post_tag","embeddable":true,"href":"https:\/\/www.europesays.com\/fr\/wp-json\/wp\/v2\/tags?post=361287"}],"curies":[{"name":"wp","href":"https:\/\/api.w.org\/{rel}","templated":true}]}}