{"id":361290,"date":"2025-09-02T17:40:10","date_gmt":"2025-09-02T17:40:10","guid":{"rendered":"https:\/\/www.europesays.com\/fr\/361290\/"},"modified":"2025-09-02T17:40:10","modified_gmt":"2025-09-02T17:40:10","slug":"excellente-ou-agacante-la-premiere-de-lea-salame-divise-nos-lecteurs","status":"publish","type":"post","link":"https:\/\/www.europesays.com\/fr\/361290\/","title":{"rendered":"\u00ab\u00a0Excellente\u00a0\u00bb ou \u00ab\u00a0aga\u00e7ante\u00a0\u00bb, la premi\u00e8re de L\u00e9a Salam\u00e9 divise nos lecteurs"},"content":{"rendered":"<p>Vous zappez ou vous matez\u00a0? Vous avez \u00e9t\u00e9 des centaines \u00e0 r\u00e9pondre \u00e0 notre <a href=\"https:\/\/www.20minutes.fr\/arts-stars\/television\/4170680-20250902-pense-premier-jt-20-heures-lea-salame-france-2-lundi-soir\" class=\"c-link c-link--is-underlined\" rel=\"nofollow noopener\" target=\"_blank\">appel \u00e0 contributions<\/a> apr\u00e8s le premier journal t\u00e9l\u00e9vis\u00e9 de <a href=\"https:\/\/www.20minutes.fr\/television\/france_2\/\" class=\"c-link c-link--is-underlined\" rel=\"nofollow noopener\" target=\"_blank\">France 2<\/a> de <a href=\"https:\/\/www.20minutes.fr\/dossier\/lea_salame\" class=\"c-link c-link--is-underlined\" rel=\"nofollow noopener\" target=\"_blank\">L\u00e9a Salam\u00e9<\/a>. <a href=\"https:\/\/www.20minutes.fr\/arts-stars\/television\/4170638-20250901-france-2-aisance-proximite-emotion-regarde-premier-20-heures-lea-salame\" class=\"c-link c-link--is-underlined\" rel=\"nofollow noopener\" target=\"_blank\">Suivi par 20 Minutes<\/a> lundi soir, le grand rendez-vous de l\u2019information \u00ab\u00a0version Salam\u00e9\u00a0\u00bb a convaincu 4,02\u00a0millions (21,1\u00a0% du public), soit 1,42\u00a0million de moins (28,7\u00a0%) que le JT de <a href=\"https:\/\/www.20minutes.fr\/dossier\/gilles_bouleau\" class=\"c-link c-link--is-underlined\" rel=\"nofollow noopener\" target=\"_blank\">Gilles Bouleau<\/a>, install\u00e9 sur <a href=\"https:\/\/www.20minutes.fr\/dossier\/tf1\" class=\"c-link c-link--is-underlined\" rel=\"nofollow noopener\" target=\"_blank\">TF1<\/a>.<\/p>\n<p>L\u2019animatrice de \u00ab\u00a0Quelle \u00e9poque\u00a0!\u00a0\u00bb a enregistr\u00e9 un r\u00e9sultat similaire \u00e0 celui enregistr\u00e9 par Anne-Sophie Lapix, sa pr\u00e9d\u00e9cesseure, le 1er\u00a0septembre 2024 (4,03\u00a0millions de fid\u00e8les et 20,9\u00a0% du public).<\/p>\n<p>\u00ab\u00a0Une excellente journaliste\u00a0\u00bb<\/p>\n<p>Si les audiences sont sensiblement \u00e9quivalentes \u00e0 celles d\u2019Anne-Sophie Lapix, L\u00e9a Salam\u00e9 a convaincu une partie de nos lecteurs et de nos lectrices. \u00ab\u00a0Elle a \u00e9t\u00e9 tr\u00e8s tr\u00e8s bien, s\u2019enthousiasme Madeleine, 75 ans. Je l\u2019\u00e9coutais sur France Inter, elle est solaire.\u00a0\u00bb Annick, 66 ans, abonde\u00a0: \u00ab\u00a0L\u00e9a Salam\u00e9 est tr\u00e8s bien. Les sujets sont ma\u00eetris\u00e9s. Elle a une tr\u00e8s bonne diction. C\u2019est une excellente journaliste et ses preuves ne sont plus \u00e0 faire. Longue vie au JT de 20 heures avec elle.\u00a0\u00bb<\/p>\n<p>St\u00e9phanie, 49 ans, a m\u00eame d\u00e9cid\u00e9 \u00e0 bouder Gilles Bouleau\u00a0: \u00ab\u00a0Je suis super contente. Je quitte TF1 pour rejoindre France 2.\u00a0\u00bb Pour sa part, Fanny a d\u00e9j\u00e0 oubli\u00e9 Anne-Sophie Lapix, partie sur <a href=\"https:\/\/www.20minutes.fr\/dossier\/m6\" class=\"c-link c-link--is-underlined\" rel=\"nofollow noopener\" target=\"_blank\">M6<\/a>\u00a0: \u00ab\u00a0Le journal de L\u00e9a Salam\u00e9 est agr\u00e9able \u00e0 regarder, ses interviews sont bien men\u00e9es. Je ne regrette pas d\u2019avoir perdu Anne-Sophie Lapix. Merci \u00e0 France 2 pour ce choix.\u00a0\u00bb<\/p>\n<p>Au-del\u00e0 des louanges, nombre de lecteurs et de lectrices veulent suivre l\u2019\u00e9volution de la journaliste de 45 ans \u00e0 la t\u00eate du JT de France 2. \u00ab\u00a0J\u2019ai beaucoup aim\u00e9 son journal, indique Annick, 66 ans. L\u00e9a Salam\u00e9 est pleine d\u2019\u00e9nergie et d\u2019assurance, \u00e0 la fois agr\u00e9able et rayonnante et elle ma\u00eetrise ses sujets tout en respectant le canevas pr\u00e9c\u00e9dent. Elle saura s\u00fbrement \u00e9voluer par rapport \u00e0 ce premier JT et imprimer sa marque.\u00a0\u00bb Nora se montre critique mais appelle, elle aussi, \u00e0 de la patience. \u00ab\u00a0Elle a l\u2019exp\u00e9rience de l\u2019animation, mais pas encore de l\u2019information, commente notre lectrice de 51 ans. Patientons.\u00a0\u00bb<\/p>\n<p>\u00ab\u00a0Hautaine et orgueilleuse\u00a0\u00bb<\/p>\n<p>Pour d\u2019autres lectrices et lecteurs, la \u00ab\u00a0patience\u00a0\u00bb ne sera pas de mise. \u00ab\u00a0L\u00e9a Salam\u00e9 a fait du L\u00e9a Salam\u00e9, relaie Carole, 55 ans. J\u2019ai tenu douze minutes. Je pensais qu\u2019elle arr\u00eaterait de faire son show \u00e9gocentrique et de gesticuler sans arr\u00eat. Elle est insupportable, je zappe.\u00a0\u00bb Une gestuelle qui a fait r\u00e9agir d\u2019autres contributeurs et contributrices. \u00ab\u00a0Elle donnait l\u2019impression de vouloir davantage charmer que d\u2019\u00eatre une professionnelle de l\u2019info et de l\u2019actualit\u00e9\u00a0\u00bb, observe pour sa part Nora. Je crains qu\u2019elle ait un torticolis \u00e0 force de tourner la t\u00eate pour montrer son bon profil, commente Monique, 65 ans. Sa pr\u00e9sentation n\u2019avait rien \u00e0 voir avec celle d\u2019Anne-Sophie Lapix, pleine de sobri\u00e9t\u00e9 et d\u2019\u00e9l\u00e9gance.\u00a0\u00bb \u00ab\u00a0Je la trouve hautaine et orgueilleuse, estime pour sa part Dedy, 68 ans. Du coup, je vais quitter France 2 pour regarder le JT de TF1.\u00a0\u00bb<\/p>\n<\/p>\n<p>D\u2019autres s\u2019agacent de la \u00ab\u00a0starification\u00a0\u00bb du \u00ab\u00a020 heures\u00a0\u00bb de France 2. \u00ab\u00a0Qu\u2019est-ce que c\u2019est que ce matraquage \u00e0 la t\u00e9l\u00e9vision afin de savoir comment L\u00e9a Salam\u00e9 allait pr\u00e9senter le JT, d\u00e9plore Marie-Claire, 71 ans. Cela n\u2019a jamais \u00e9t\u00e9 fait pour les autres changements de pr\u00e9sentateurs.\u00a0\u00bb. Enfin, pour d\u2019autres, Lapix ou Salam\u00e9, \u00e7a ne change rien. Le mot de la fin revient \u00e0 Thierry, 73 ans\u00a0: \u00ab\u00a0L\u2019essentiel est de disposer d\u2019un service public de qualit\u00e9 diffusant des informations v\u00e9rifi\u00e9es, gr\u00e2ce \u00e0 un comit\u00e9 \u00e9ditorial et des journalistes comp\u00e9tents disposant de moyens appropri\u00e9s. Pas de promouvoir un \u00ab\u00a0star-system\u00a0\u00bb.\u00a0\u00bb<\/p>\n","protected":false},"excerpt":{"rendered":"Vous zappez ou vous matez\u00a0? Vous avez \u00e9t\u00e9 des centaines \u00e0 r\u00e9pondre \u00e0 notre appel \u00e0 contributions apr\u00e8s&hellip;\n","protected":false},"author":2,"featured_media":361291,"comment_status":"","ping_status":"","sticky":false,"template":"","format":"standard","meta":{"footnotes":""},"categories":[8],"tags":[21313,58,59,1011,27,2400,594,19839,5419,3806,500,252],"class_list":{"0":"post-361290","1":"post","2":"type-post","3":"status-publish","4":"format-standard","5":"has-post-thumbnail","7":"category-divertissement","8":"tag-anne-sophie-lapix","9":"tag-divertissement","10":"tag-entertainment","11":"tag-fr","12":"tag-france","13":"tag-france-televisions","14":"tag-france-2","15":"tag-gilles-bouleau","16":"tag-journal-televise","17":"tag-lea-salame","18":"tag-medias","19":"tag-television"},"share_on_mastodon":{"url":"https:\/\/pubeurope.com\/@fr\/115135933671456052","error":""},"_links":{"self":[{"href":"https:\/\/www.europesays.com\/fr\/wp-json\/wp\/v2\/posts\/361290","targetHints":{"allow":["GET"]}}],"collection":[{"href":"https:\/\/www.europesays.com\/fr\/wp-json\/wp\/v2\/posts"}],"about":[{"href":"https:\/\/www.europesays.com\/fr\/wp-json\/wp\/v2\/types\/post"}],"author":[{"embeddable":true,"href":"https:\/\/www.europesays.com\/fr\/wp-json\/wp\/v2\/users\/2"}],"replies":[{"embeddable":true,"href":"https:\/\/www.europesays.com\/fr\/wp-json\/wp\/v2\/comments?post=361290"}],"version-history":[{"count":0,"href":"https:\/\/www.europesays.com\/fr\/wp-json\/wp\/v2\/posts\/361290\/revisions"}],"wp:featuredmedia":[{"embeddable":true,"href":"https:\/\/www.europesays.com\/fr\/wp-json\/wp\/v2\/media\/361291"}],"wp:attachment":[{"href":"https:\/\/www.europesays.com\/fr\/wp-json\/wp\/v2\/media?parent=361290"}],"wp:term":[{"taxonomy":"category","embeddable":true,"href":"https:\/\/www.europesays.com\/fr\/wp-json\/wp\/v2\/categories?post=361290"},{"taxonomy":"post_tag","embeddable":true,"href":"https:\/\/www.europesays.com\/fr\/wp-json\/wp\/v2\/tags?post=361290"}],"curies":[{"name":"wp","href":"https:\/\/api.w.org\/{rel}","templated":true}]}}