{"id":361292,"date":"2025-09-02T17:41:13","date_gmt":"2025-09-02T17:41:13","guid":{"rendered":"https:\/\/www.europesays.com\/fr\/361292\/"},"modified":"2025-09-02T17:41:13","modified_gmt":"2025-09-02T17:41:13","slug":"dolby-vision-2-le-hdr-sameliore-sur-nos-tv-voici-toutes-les-nouveautes-qui-arrivent","status":"publish","type":"post","link":"https:\/\/www.europesays.com\/fr\/361292\/","title":{"rendered":"Dolby Vision 2 : le HDR s\u2019am\u00e9liore sur nos TV, voici toutes les nouveaut\u00e9s qui arrivent"},"content":{"rendered":"<p class=\"ed__a-p ed__bdy__l\">Apr\u00e8s plus de dix ans de bons et loyaux services, le Dolby Vision \u00e9volue pour suivre le march\u00e9 des t\u00e9l\u00e9viseurs qui a nettement \u00e9volu\u00e9 derni\u00e8rement, avec des pic lumineux toujours plus importants et des couvertures des espaces colorim\u00e9triques qui s\u2019am\u00e9liorent. Ce format HDR dynamique qui permet de jouer sur la colorim\u00e9trie et la luminosit\u00e9 des contenus sc\u00e8ne par sc\u00e8ne a \u00e9t\u00e9 repens\u00e9 pour int\u00e9grer de nouvelles fonctionnalit\u00e9s et, 2025 oblige : de l\u2019IA.<\/p>\n<p>Content Intelligence, nouvel outils d\u2019analyse d\u2019image en temps r\u00e9el<\/p>\n<p class=\"ed__a-p ed__bdy__l\">Parmi les nouveaut\u00e9s marquantes, le Precision Black promet une meilleure lisibilit\u00e9 dans les sc\u00e8nes sombres, tout en respectant l\u2019esth\u00e9tique d\u2019origine voulue par le r\u00e9alisateur. Le syst\u00e8me Light Sense qui existait d\u00e9j\u00e0 avec Dolby IQ est \u00e9galement am\u00e9lior\u00e9 : il combine d\u00e9sormais les donn\u00e9es du contenu affich\u00e9 avec le capteur de luminosit\u00e9 ambiante du t\u00e9l\u00e9viseur pour ajuster l\u2019image en temps r\u00e9el.<\/p>\n<p>            Publicit\u00e9, votre contenu continue ci-dessous<\/p>\n<p>        Publicit\u00e9<\/p>\n<p class=\"ed__a-p ed__bdy__l\"><img loading=\"lazy\" decoding=\"async\" src=\"data:image\/svg+xml,%3Csvg xmlns='http:\/\/www.w3.org\/2000\/svg'%3E%3C\/svg%3E\" draggable=\"false\" width=\"1077\" height=\"605\" class=\"ed__title-xxs\" alt=\"Dolby Vision 2 : le HDR s\u2019am\u00e9liore sur nos TV, voici toutes les nouveaut\u00e9s qui arrivent\" style=\"background-color: #f2f2f2; aspect-ratio:1077\/605;\"\/><\/p>\n<p class=\"ed__a-p ed__bdy__l\">L\u2019id\u00e9e est donc d\u2019offrir la meilleure qualit\u00e9 d\u2019image possible, quelles que soient les conditions d\u2019\u00e9clairage de la pi\u00e8ce au fil de la journ\u00e9e Enfin, le Dolby Vision 2 introduit aussi un tone mapping bidirectionnel, afin de mieux g\u00e9rer les pics lumineux, d\u2019am\u00e9liorer le contraste et les couleurs.<\/p>\n<p>Authentic Motion pour am\u00e9liorer la fluidit\u00e9 des images<\/p>\n<p class=\"ed__a-p ed__bdy__l\">Si vous lisez r\u00e9guli\u00e8rement les tests TV des Num\u00e9riques, vous savez que les moteurs de compensation de mouvement qui am\u00e9liore la fluidit\u00e9 de l\u2019image ne sont pas notre tasse de th\u00e9. Il provoque un effet \u201csoap opera\u201d peu naturel qui est difficile \u00e0 dig\u00e9rer pour ses films et s\u00e9ries pr\u00e9f\u00e9r\u00e9s.<\/p>\n<p class=\"ed__a-p ed__bdy__l\">Avec son Authentic Motion, Dolby promet ici une meilleure gestion de la fluidit\u00e9, permettant d\u2019ajuster celle-ci image par image. L\u2019ambition : r\u00e9duire les saccades (le fameux judder) que l\u2019on peut observer dans certaines transitions de sc\u00e8nes notamment, sans trahir le rendu cin\u00e9matographique du r\u00e9alisateur. Difficile de dire quel sera le r\u00e9sultat sans l\u2019avoir test\u00e9 et nous restons pour le moment sur la r\u00e9serve sur cette fonctionnalit\u00e9.<\/p>\n<p class=\"ed__a-p ed__bdy__l\"><img loading=\"lazy\" decoding=\"async\" src=\"data:image\/svg+xml,%3Csvg xmlns='http:\/\/www.w3.org\/2000\/svg'%3E%3C\/svg%3E\" draggable=\"false\" width=\"5807\" height=\"3876\" class=\"ed__title-xxs\" alt=\"Le LG G5 lors de notre test.\" style=\"background-color: #f2f2f2; aspect-ratio:5807\/3876;\"\/><\/p>\n<p>Le LG G5 lors de notre test est compatible Dolby Vision, mais pas Dolby Vision 2.<\/p>\n<\/p>\n<p class=\"ed__a-p ed__bdy__l\">Deux versions seront a priori propos\u00e9es, un Dolby Vision 2 Max et un Dolby Vision 2. Quelles sont les diff\u00e9rences concr\u00e8tement ? Cela reste assez flou pour le moment il faut l\u2019avouer, mais on imagine que la version Max sera r\u00e9serv\u00e9e aux t\u00e9l\u00e9viseurs les plus haut de gamme.<\/p>\n<p class=\"ed__a-p ed__bdy__l\">Le Dolby Vision 2 ne sera en tout cas pas r\u00e9troactif et seuls les t\u00e9l\u00e9viseurs de nouvelle g\u00e9n\u00e9ration pourront en profiter. Le premier constructeur \u00e0 adopter cette nouvelle norme sera Hisense, avec ses t\u00e9l\u00e9viseurs Mini-Led RGB \u00e0 venir. Les autres marques qui profitent d\u00e9j\u00e0 du Dolby Vision comme TCL, LG, Panasonic ou Philips suivront sans doute \u00e9galement.<\/p>\n<p class=\"ed__a-p ed__bdy__l\">Rendez-vous \u00e0 l\u2019IFA cette semaine pour en savoir plus, et dans quelques mois pour les premiers tests.<\/p>\n<p>            Publicit\u00e9, votre contenu continue ci-dessous<\/p>\n<p>        Publicit\u00e9<\/p>\n<p class=\"ed__a-p ed__bdy__l\">Les Num\u00e9riques s\u2019installe \u00e0 Beaugrenelle Paris pour <a href=\"https:\/\/www.lesnumeriques.com\/evenement\/les-jours-les-plus-tech-2025.html\" rel=\"nofollow noopener\" target=\"_blank\">Les Jours Les Plus Tech<\/a> : d\u00e9monstrations de produits, conseils d\u2019usage ou d\u2019achat, \u00e9changes avec nos journalistes\u2026D\u00e9couvrez le programme complet <a href=\"https:\/\/www.lesnumeriques.com\/evenement\/les-jours-les-plus-tech-2025.html\" rel=\"nofollow noopener\" target=\"_blank\">ici<\/a>.<\/p>\n","protected":false},"excerpt":{"rendered":"Apr\u00e8s plus de dix ans de bons et loyaux services, le Dolby Vision \u00e9volue pour suivre le march\u00e9&hellip;\n","protected":false},"author":2,"featured_media":361293,"comment_status":"","ping_status":"","sticky":false,"template":"","format":"standard","meta":{"footnotes":""},"categories":[7],"tags":[1011,27,43,40,41,39,42,44],"class_list":{"0":"post-361292","1":"post","2":"type-post","3":"status-publish","4":"format-standard","5":"has-post-thumbnail","7":"category-sciences-et-technologies","8":"tag-fr","9":"tag-france","10":"tag-science","11":"tag-science-and-technology","12":"tag-sciences","13":"tag-sciences-et-technologies","14":"tag-technologies","15":"tag-technology"},"share_on_mastodon":{"url":"https:\/\/pubeurope.com\/@fr\/115135937593587502","error":""},"_links":{"self":[{"href":"https:\/\/www.europesays.com\/fr\/wp-json\/wp\/v2\/posts\/361292","targetHints":{"allow":["GET"]}}],"collection":[{"href":"https:\/\/www.europesays.com\/fr\/wp-json\/wp\/v2\/posts"}],"about":[{"href":"https:\/\/www.europesays.com\/fr\/wp-json\/wp\/v2\/types\/post"}],"author":[{"embeddable":true,"href":"https:\/\/www.europesays.com\/fr\/wp-json\/wp\/v2\/users\/2"}],"replies":[{"embeddable":true,"href":"https:\/\/www.europesays.com\/fr\/wp-json\/wp\/v2\/comments?post=361292"}],"version-history":[{"count":0,"href":"https:\/\/www.europesays.com\/fr\/wp-json\/wp\/v2\/posts\/361292\/revisions"}],"wp:featuredmedia":[{"embeddable":true,"href":"https:\/\/www.europesays.com\/fr\/wp-json\/wp\/v2\/media\/361293"}],"wp:attachment":[{"href":"https:\/\/www.europesays.com\/fr\/wp-json\/wp\/v2\/media?parent=361292"}],"wp:term":[{"taxonomy":"category","embeddable":true,"href":"https:\/\/www.europesays.com\/fr\/wp-json\/wp\/v2\/categories?post=361292"},{"taxonomy":"post_tag","embeddable":true,"href":"https:\/\/www.europesays.com\/fr\/wp-json\/wp\/v2\/tags?post=361292"}],"curies":[{"name":"wp","href":"https:\/\/api.w.org\/{rel}","templated":true}]}}