{"id":361294,"date":"2025-09-02T17:42:10","date_gmt":"2025-09-02T17:42:10","guid":{"rendered":"https:\/\/www.europesays.com\/fr\/361294\/"},"modified":"2025-09-02T17:42:10","modified_gmt":"2025-09-02T17:42:10","slug":"quelle-est-la-place-de-lia-dans-votre-quotidien","status":"publish","type":"post","link":"https:\/\/www.europesays.com\/fr\/361294\/","title":{"rendered":"quelle est la place de l\u2019IA dans votre quotidien ?"},"content":{"rendered":"<p>Vous utilisez l\u2019intelligence artificielle tous les jours, parfois, ou jamais\u00a0? Vous jonglez avec plusieurs plateformes ou restez fid\u00e8le \u00e0 une seule\u00a0? \u00c0 la r\u00e9daction de Presse-citron, on veut comprendre comment l\u2019IA transforme vos usages, au travail comme dans la vie quotidienne.<\/p>\n<p>Votre avis est essentiel\u00a0: que vous soyez un passionn\u00e9 de ChatGPT, un utilisateur occasionnel de Gemini, ou simplement intrigu\u00e9 par ces nouveaux outils, <a href=\"https:\/\/shop.presse-citron.net\/go\/31855\/\" target=\"_blank\" rel=\"nofollow noopener\">ce sondage vous donne la parole<\/a>. Avez-vous confiance dans les r\u00e9ponses des IA\u00a0? Rencontrez-vous parfois des contradictions ou des informations discutables\u00a0? O\u00f9 v\u00e9rifiez-vous la fiabilit\u00e9 des IA, et quel budget leur consacrez-vous chaque mois\u00a0?<\/p>\n<p>En participant, vous contribuerez \u00e0 <strong>une enqu\u00eate in\u00e9dite sur les pratiques concr\u00e8tes et les attentes des Fran\u00e7ais face \u00e0 l\u2019IA<\/strong>. Vos r\u00e9ponses resteront anonymes et serviront \u00e0 alimenter nos prochains dossiers, nos tests, mais aussi \u00e0 imaginer les services de demain.<\/p>\n<p>Le questionnaire est assez court, si vous avez envie d\u2019y r\u00e9pondre, c\u2019est par ici\u00a0:<\/p>\n<p class=\"text-center not-prose\"><a class=\"comp-button\" href=\"https:\/\/shop.presse-citron.net\/go\/31855\/\" target=\"_self\" rel=\"sponsored nofollow noopener\">Participer au sondage<\/a><\/p>\n","protected":false},"excerpt":{"rendered":"Vous utilisez l\u2019intelligence artificielle tous les jours, parfois, ou jamais\u00a0? Vous jonglez avec plusieurs plateformes ou restez fid\u00e8le&hellip;\n","protected":false},"author":2,"featured_media":232114,"comment_status":"","ping_status":"","sticky":false,"template":"","format":"standard","meta":{"footnotes":""},"categories":[6],"tags":[328,35,33,34,1011,27,13947],"class_list":{"0":"post-361294","1":"post","2":"type-post","3":"status-publish","4":"format-standard","5":"has-post-thumbnail","7":"category-economie","8":"tag-a-la-une","9":"tag-business","10":"tag-economie","11":"tag-economy","12":"tag-fr","13":"tag-france","14":"tag-sondage"},"share_on_mastodon":{"url":"https:\/\/pubeurope.com\/@fr\/115135941537419924","error":""},"_links":{"self":[{"href":"https:\/\/www.europesays.com\/fr\/wp-json\/wp\/v2\/posts\/361294","targetHints":{"allow":["GET"]}}],"collection":[{"href":"https:\/\/www.europesays.com\/fr\/wp-json\/wp\/v2\/posts"}],"about":[{"href":"https:\/\/www.europesays.com\/fr\/wp-json\/wp\/v2\/types\/post"}],"author":[{"embeddable":true,"href":"https:\/\/www.europesays.com\/fr\/wp-json\/wp\/v2\/users\/2"}],"replies":[{"embeddable":true,"href":"https:\/\/www.europesays.com\/fr\/wp-json\/wp\/v2\/comments?post=361294"}],"version-history":[{"count":0,"href":"https:\/\/www.europesays.com\/fr\/wp-json\/wp\/v2\/posts\/361294\/revisions"}],"wp:featuredmedia":[{"embeddable":true,"href":"https:\/\/www.europesays.com\/fr\/wp-json\/wp\/v2\/media\/232114"}],"wp:attachment":[{"href":"https:\/\/www.europesays.com\/fr\/wp-json\/wp\/v2\/media?parent=361294"}],"wp:term":[{"taxonomy":"category","embeddable":true,"href":"https:\/\/www.europesays.com\/fr\/wp-json\/wp\/v2\/categories?post=361294"},{"taxonomy":"post_tag","embeddable":true,"href":"https:\/\/www.europesays.com\/fr\/wp-json\/wp\/v2\/tags?post=361294"}],"curies":[{"name":"wp","href":"https:\/\/api.w.org\/{rel}","templated":true}]}}