{"id":361295,"date":"2025-09-02T17:43:11","date_gmt":"2025-09-02T17:43:11","guid":{"rendered":"https:\/\/www.europesays.com\/fr\/361295\/"},"modified":"2025-09-02T17:43:11","modified_gmt":"2025-09-02T17:43:11","slug":"des-informations-quils-souhaitent-rendre-publiques-la-russie-laisse-fuiter-une-carte-avec-ses-objectifs-de-conquete-en-ukraine","status":"publish","type":"post","link":"https:\/\/www.europesays.com\/fr\/361295\/","title":{"rendered":"\u00ab\u00a0Des informations qu&rsquo;ils souhaitent rendre publiques\u00a0\u00bb\u00a0: la Russie laisse fuiter une carte avec ses objectifs de conqu\u00eate en Ukraine"},"content":{"rendered":"<p class=\"ap-StoryElement ap-StoryElement--mb ap-StoryText\">Il y a quelques jours, le Minist\u00e8re de D\u00e9fense russe a publi\u00e9 une vid\u00e9o, reprenant le discours du Chef des arm\u00e9es Val\u00e9ry Gerassimov, en train de lister les derniers succ\u00e8s en date de son arm\u00e9e en Ukraine.<\/p>\n<p class=\"ap-StoryElement ap-StoryElement--mb ap-StoryText\">Si le discours du dirigeant n&rsquo;a pas sembl\u00e9 marquer les esprits outre mesure, de nombreux experts ont, en revanche, tiqu\u00e9 sur l&rsquo;arri\u00e8re-plan de la vid\u00e9o, comme le rapportent nos confr\u00e8res de HLN.<\/p>\n<p class=\"ap-StoryElement ap-StoryElement--mb ap-StoryText\">Derri\u00e8re le bureau depuis lequel s&rsquo;exprime Gerassimov, est en effet suspendue une grande carte, qui reprend l&rsquo;Ukraine, ainsi que ses fronti\u00e8res. Et, si la carte reprend les r\u00e9gions du pays d\u00e9j\u00e0 annex\u00e9es, \u00e0 savoir la Crim\u00e9e, Louhansk, Donetsk, Zaporijia et Kherson, d&rsquo;autres d\u00e9tails surprenants y figurent \u00e9galement\u2026<\/p>\n<p><a href=\"https:\/\/www.lalibre.be\/international\/europe\/guerre-ukraine-russie\/2025\/09\/02\/la-securite-de-lukraine-ne-peut-pas-etre-assuree-au-detriment-de-celle-dautres-pays-y-compris-la-russie-QNPPQY4QEFC55JHLFFKM2TX3K4\/\" target=\"_blank\" rel=\"noopener noreferrer\" class=\"ap-StoryInterstitialLink ap-StoryElement ap-StoryElement--mb\">\u00ab\u00a0La s\u00e9curit\u00e9 de l&rsquo;Ukraine ne peut pas \u00eatre assur\u00e9e au d\u00e9triment de celle d&rsquo;autres pays, y compris la Russie\u00a0\u00bb<\/a>Les fronti\u00e8res de l&rsquo;Europe concern\u00e9es<\/p>\n<p class=\"ap-StoryElement ap-StoryElement--mb ap-StoryText\">Plusieurs lignes semblent trac\u00e9es, pour y indiquer les futurs objectifs de guerre du Kremlin, ainsi que les points strat\u00e9giques \u00e0 conqu\u00e9rir, comme la ville de Kharkiv, loin de la ligne de front actuelle. Des objectifs qui, jusqu&rsquo;\u00e0 pr\u00e9sent, n&rsquo;avaient jamais \u00e9t\u00e9 mentionn\u00e9s par Vladimir Poutine.<\/p>\n<p class=\"ap-StoryElement ap-StoryElement--mb ap-StoryText\">\u00ab\u00a0La carte accroch\u00e9e au mur [\u2026] refl\u00e8te probablement les objectifs militaires de la Russie en Ukraine\u00a0\u00bb, confirme Yaroslaw Trofimov, journaliste au Wall Street Journal.<\/p>\n<p class=\"ap-StoryElement ap-StoryElement--mb ap-StoryText\">Si ces intentions \u00e9taient confirm\u00e9es, l&rsquo;Ukraine serait menac\u00e9e de perdre pr\u00e8s d&rsquo;un tiers de son territoire, dont tout son littoral avec la Mer Noire, ainsi que plusieurs centres industriels, essentiels pour l&rsquo;\u00e9conomie du pays.<\/p>\n<p class=\"ap-StoryElement ap-StoryElement--mb ap-StoryText\">Un message subliminal, donc, qui inqui\u00e8te au plus haut point l&rsquo;Ukraine et l&rsquo;Europe. Loin des signaux de cessez-le-feu lanc\u00e9s par Donald Trump, ces man\u0153uvres, si elles venaient \u00e0 \u00eatre confirm\u00e9es, pousseraient la strat\u00e9gie expansionniste de la Russie jusqu&rsquo;aux fronti\u00e8res avec la Roumanie et la Moldavie, et donc avec l&rsquo;Europe.<\/p>\n<p class=\"ap-StoryElement ap-StoryElement--mb ap-StoryText\">Loin du gel des lignes de front actuelles, le plan pr\u00e9summ\u00e9 de <a href=\"https:\/\/www.lalibre.be\/international\/europe\/guerre-ukraine-russie\/2025\/09\/02\/que-cache-lhypothetique-rencontre-entre-vladimir-poutine-et-volodymyr-zelensky-T2QP4WPZXRE4JIEGJYNEGMWQXU\/\" target=\"_blank\" rel=\"noopener\">Vladimir Poutine<\/a> pourrait prolonger un conflit sanglant, qui, depuis l&rsquo;invasion russe en f\u00e9vrier 2022, a tu\u00e9 plus d&rsquo;un million et demi de soldats.<\/p>\n<p><a href=\"https:\/\/www.lalibre.be\/international\/europe\/guerre-ukraine-russie\/2025\/09\/02\/guerre-en-ukraine-zelensky-rencontrera-a-paris-von-der-leyen-rutte-et-des-dirigeants-de-pays-europeens-HVDJWDY64ZFDJNVNDABJXCYFXI\/\" target=\"_blank\" rel=\"noopener noreferrer\" class=\"ap-StoryInterstitialLink ap-StoryElement ap-StoryElement--mb\">Guerre en Ukraine : Zelensky rencontrera \u00e0 Paris von der Leyen, Rutte et des dirigeants de pays europ\u00e9ens<\/a><\/p>\n","protected":false},"excerpt":{"rendered":"Il y a quelques jours, le Minist\u00e8re de D\u00e9fense russe a publi\u00e9 une vid\u00e9o, reprenant le discours du&hellip;\n","protected":false},"author":2,"featured_media":361296,"comment_status":"","ping_status":"","sticky":false,"template":"","format":"standard","meta":{"footnotes":""},"categories":[5],"tags":[11,2122,75,1011,27,14,12,135,28],"class_list":{"0":"post-361295","1":"post","2":"type-post","3":"status-publish","4":"format-standard","5":"has-post-thumbnail","7":"category-international","8":"tag-actualites","9":"tag-conflit-russie-ukraine","10":"tag-donald-trump","11":"tag-fr","12":"tag-france","13":"tag-international","14":"tag-news","15":"tag-vladimir-poutine","16":"tag-world"},"share_on_mastodon":{"url":"https:\/\/pubeurope.com\/@fr\/115135945499915436","error":""},"_links":{"self":[{"href":"https:\/\/www.europesays.com\/fr\/wp-json\/wp\/v2\/posts\/361295","targetHints":{"allow":["GET"]}}],"collection":[{"href":"https:\/\/www.europesays.com\/fr\/wp-json\/wp\/v2\/posts"}],"about":[{"href":"https:\/\/www.europesays.com\/fr\/wp-json\/wp\/v2\/types\/post"}],"author":[{"embeddable":true,"href":"https:\/\/www.europesays.com\/fr\/wp-json\/wp\/v2\/users\/2"}],"replies":[{"embeddable":true,"href":"https:\/\/www.europesays.com\/fr\/wp-json\/wp\/v2\/comments?post=361295"}],"version-history":[{"count":0,"href":"https:\/\/www.europesays.com\/fr\/wp-json\/wp\/v2\/posts\/361295\/revisions"}],"wp:featuredmedia":[{"embeddable":true,"href":"https:\/\/www.europesays.com\/fr\/wp-json\/wp\/v2\/media\/361296"}],"wp:attachment":[{"href":"https:\/\/www.europesays.com\/fr\/wp-json\/wp\/v2\/media?parent=361295"}],"wp:term":[{"taxonomy":"category","embeddable":true,"href":"https:\/\/www.europesays.com\/fr\/wp-json\/wp\/v2\/categories?post=361295"},{"taxonomy":"post_tag","embeddable":true,"href":"https:\/\/www.europesays.com\/fr\/wp-json\/wp\/v2\/tags?post=361295"}],"curies":[{"name":"wp","href":"https:\/\/api.w.org\/{rel}","templated":true}]}}