{"id":361304,"date":"2025-09-02T17:48:14","date_gmt":"2025-09-02T17:48:14","guid":{"rendered":"https:\/\/www.europesays.com\/fr\/361304\/"},"modified":"2025-09-02T17:48:14","modified_gmt":"2025-09-02T17:48:14","slug":"conference-les-religions-et-le-don-dorganes","status":"publish","type":"post","link":"https:\/\/www.europesays.com\/fr\/361304\/","title":{"rendered":"Conf\u00e9rence Les religions et le don d\u2019organes"},"content":{"rendered":"<p>L\u2019Addoth, association pour le don d\u2019organes et tissus, en partenariat avec l\u2019association interreligieuse de Nancy, propose une conf\u00e9rence intitul\u00e9e Les religions et le don d\u2019organes. David Abendanan, rabbin de la communaut\u00e9 isra\u00e9lite de Nancy ; Mgr \u00a0 Pierre-Yves Michel, \u00e9v\u00eaque de Nancy et Toul ; Amine Nejdi, recteur de la mosqu\u00e9e de Tomblaine, et Christine Urban, pasteur de l\u2019Eglise protestante unie du plateau Lorraine, \u00e9voqueront les positions des diff\u00e9rentes religions.<\/p>\n<p class=\"note\">Jeudi 4 septembre, \u00e0 20 h, au ch\u00e2teau du Charmois, 2, avenue du Charmois, \u00e0 Vandoeuvre-l\u00e8s-Nancy. Entr\u00e9e libre.<\/p>\n","protected":false},"excerpt":{"rendered":"L\u2019Addoth, association pour le don d\u2019organes et tissus, en partenariat avec l\u2019association interreligieuse de Nancy, propose une conf\u00e9rence&hellip;\n","protected":false},"author":2,"featured_media":361305,"comment_status":"","ping_status":"","sticky":false,"template":"","format":"standard","meta":{"footnotes":""},"categories":[9635],"tags":[1111,11,6211,1687,1704,1777,674,1011,27,775,6364,1702,12,5486,25,5711],"class_list":{"0":"post-361304","1":"post","2":"type-post","3":"status-publish","4":"format-standard","5":"has-post-thumbnail","7":"category-nancy","8":"tag-actu","9":"tag-actualites","10":"tag-conference","11":"tag-culture-loisirs","12":"tag-edition-nancy-et-agglomeration","13":"tag-eu","14":"tag-europe","15":"tag-fr","16":"tag-france","17":"tag-grand-est","18":"tag-metropole-du-grand-nancy-54b1","19":"tag-nancy","20":"tag-news","21":"tag-rencontre","22":"tag-republique-francaise","23":"tag-vandoeuvre-les-nancy"},"share_on_mastodon":{"url":"https:\/\/pubeurope.com\/@fr\/115135965066759203","error":""},"_links":{"self":[{"href":"https:\/\/www.europesays.com\/fr\/wp-json\/wp\/v2\/posts\/361304","targetHints":{"allow":["GET"]}}],"collection":[{"href":"https:\/\/www.europesays.com\/fr\/wp-json\/wp\/v2\/posts"}],"about":[{"href":"https:\/\/www.europesays.com\/fr\/wp-json\/wp\/v2\/types\/post"}],"author":[{"embeddable":true,"href":"https:\/\/www.europesays.com\/fr\/wp-json\/wp\/v2\/users\/2"}],"replies":[{"embeddable":true,"href":"https:\/\/www.europesays.com\/fr\/wp-json\/wp\/v2\/comments?post=361304"}],"version-history":[{"count":0,"href":"https:\/\/www.europesays.com\/fr\/wp-json\/wp\/v2\/posts\/361304\/revisions"}],"wp:featuredmedia":[{"embeddable":true,"href":"https:\/\/www.europesays.com\/fr\/wp-json\/wp\/v2\/media\/361305"}],"wp:attachment":[{"href":"https:\/\/www.europesays.com\/fr\/wp-json\/wp\/v2\/media?parent=361304"}],"wp:term":[{"taxonomy":"category","embeddable":true,"href":"https:\/\/www.europesays.com\/fr\/wp-json\/wp\/v2\/categories?post=361304"},{"taxonomy":"post_tag","embeddable":true,"href":"https:\/\/www.europesays.com\/fr\/wp-json\/wp\/v2\/tags?post=361304"}],"curies":[{"name":"wp","href":"https:\/\/api.w.org\/{rel}","templated":true}]}}