{"id":361309,"date":"2025-09-02T17:51:20","date_gmt":"2025-09-02T17:51:20","guid":{"rendered":"https:\/\/www.europesays.com\/fr\/361309\/"},"modified":"2025-09-02T17:51:20","modified_gmt":"2025-09-02T17:51:20","slug":"baptiste-jauneau-confirme-quil-a-ete-tres-difficile-de-choisir-entre-clermont-et-toulon","status":"publish","type":"post","link":"https:\/\/www.europesays.com\/fr\/361309\/","title":{"rendered":"Baptiste Jauneau confirme qu\u2019il a \u00e9t\u00e9 tr\u00e8s difficile de choisir entre Clermont et Toulon !"},"content":{"rendered":"<p>En fin de contrat avec Clermont au mois de juin prochain, le demi-de-m\u00eal\u00e9e Baptiste Jauneau \u00e9tait courtis\u00e9 avec insistance par le Rugby Club Toulonnais.<\/p>\n<p>Selon certains m\u00e9dias, le RCT aurait effectu\u00e9 une offre tr\u00e8s all\u00e9chante au demi-de-m\u00eal\u00e9e Auvergnat, pour les saisons \u00e0 venir.<\/p>\n<p>Apr\u00e8s r\u00e9flexion, Baptiste Jauneau a pr\u00e9f\u00e9r\u00e9 prolonger son bail avec Clermont.<\/p>\n<p>Interrog\u00e9 \u00e0 ce sujet via <a href=\"https:\/\/www.lequipe.fr\/Rugby\/Actualites\/Baptiste-jauneau-apres-la-prolongation-de-son-contrat-avec-clermont-je-veux-voir-jusqu-ou-ca-nous-mene\/1589625\" rel=\"nofollow noopener\" target=\"_blank\">L\u2019\u00e9quipe<\/a>, Baptiste Jauneau avoue que le choix a \u00e9t\u00e9 tr\u00e8s difficile \u00e0 faire pour lui.<\/p>\n<p><strong>Il a beaucoup h\u00e9sit\u00e9 avant de finalement donner son accord \u00e0 Clermont. Extrait:<\/strong><\/p>\n<p>J\u2019ai beaucoup r\u00e9fl\u00e9chi. C\u2019\u00e9tait tr\u00e8s compliqu\u00e9, j\u2019avais les deux clubs\u00a0(Clermont et Toulon)\u00a0au t\u00e9l\u00e9phone tout le temps, les entra\u00eeneurs, les pr\u00e9sidents.. Apr\u00e8s, tu en parles avec ta famille, tes amis, et tu y penses seul, personnellement. <\/p>\n<p>Au retour de la tourn\u00e9e en Nouvelle-Z\u00e9lande, j\u2019ai eu une semaine off, puis \u00e7a a commenc\u00e9 \u00e0 aller tr\u00e8s vite, \u00e7a a \u00e9t\u00e9 deux semaines tr\u00e8s charg\u00e9es afin de trouver une solution, et j\u2019ai trouv\u00e9 ce que je voulais, ce qui me semblait le mieux pour moi. Mais c\u2019\u00e9tait un bon probl\u00e8me \u00e0 r\u00e9gler, il vaut mieux avoir celui-l\u00e0 en juillet que de chercher un club et ne pas savoir o\u00f9 aller en mars-avril.<\/p>\n<p><strong>Il explique pourquoi la balance a pench\u00e9 en faveur de l\u2019ASM. Extrait:<\/strong><\/p>\n<p>D\u00e9j\u00e0, on a mis les choses au clair avec l\u2019ASM, on s\u2019est dit des choses. Apr\u00e8s, on a parl\u00e9 du projet, il existe depuis que je suis arriv\u00e9 il y a quatre ans : je me voyais mal partir en plein milieu de ce projet alors que je vois une progression, sachant qu\u2019on a r\u00e9ussi \u00e0 se qualifier dans le top 6 la saison derni\u00e8re\u00a0(Clermont a termin\u00e9 5e du Top 14 et perdu son barrage \u00e0 Bayonne). <\/p>\n<p>Je veux voir jusqu\u2019o\u00f9 \u00e7a nous m\u00e8ne\u2026 j\u2019esp\u00e8re le plus loin possible ! Et il y a les jeunes, l\u2019ambiance dans le club, l\u2019amour que j\u2019ai pour l\u2019ASM, qui m\u2019a tout apport\u00e9 jusqu\u2019\u00e0 aujourd\u2019hui. Je suis tr\u00e8s attach\u00e9 \u00e0 ce club. C\u2019est rentr\u00e9 en compte.<\/p>\n<p>On s\u2019est dit deux trois trucs entre nous\u2026 On s\u2019est parl\u00e9s franchement. C\u2019est le plus important, de se dire des choses vraies, m\u00eame si elles ne font pas plaisir. Le club a des attentes, moi aussi, on a parl\u00e9 de \u00e7a.<\/p>\n<p><strong>Il faut dire que le manager Christophe Urios lui donne \u00e9norm\u00e9ment de responsabilit\u00e9s depuis quelques mois maintenant. Extrait:<\/strong><\/p>\n<p>Oui, j\u2019ai pu voir beaucoup de choses \u00e9voluer, surtout dans le leadership. Maintenant, j\u2019aimerais aussi m\u2019am\u00e9liorer c\u00f4t\u00e9 rugby ! Il faut aussi penser \u00e0 \u00e7a, mettre des entra\u00eenements en plus, des choses comme \u00e7a ! J\u2019ai discut\u00e9 avec Christophe\u00a0(Urios, l\u2019entra\u00eeneur), avec les pr\u00e9pas physiques, l\u2019entra\u00eeneur du jeu au pied, les skills, pour avoir une meilleure relation, \u00eatre plus dans l\u2019\u00e9coute. C\u2019est la volont\u00e9 de Christophe et du club.<\/p>\n<p><strong>Il esp\u00e8re sinc\u00e8rement que Clermont retrouvera rapidement la phase finale. Extrait:<\/strong><\/p>\n<p>Oui, juste par rapport \u00e0 mes ambitions personnelles, de jouer des matches comme \u00e7a, Il faut relancer la machine, parce que c\u2019est beau de parler du pass\u00e9, mais j\u2019ai envie de le vivre, pas de le voir \u00e0 la t\u00e9l\u00e9.<\/p>\n","protected":false},"excerpt":{"rendered":"En fin de contrat avec Clermont au mois de juin prochain, le demi-de-m\u00eal\u00e9e Baptiste Jauneau \u00e9tait courtis\u00e9 avec&hellip;\n","protected":false},"author":2,"featured_media":310687,"comment_status":"","ping_status":"","sticky":false,"template":"","format":"standard","meta":{"footnotes":""},"categories":[9619],"tags":[1111,11,1777,674,1011,27,12,882,25,2310],"class_list":{"0":"post-361309","1":"post","2":"type-post","3":"status-publish","4":"format-standard","5":"has-post-thumbnail","7":"category-toulon","8":"tag-actu","9":"tag-actualites","10":"tag-eu","11":"tag-europe","12":"tag-fr","13":"tag-france","14":"tag-news","15":"tag-provence-alpes-cote-dazur","16":"tag-republique-francaise","17":"tag-toulon"},"share_on_mastodon":{"url":"https:\/\/pubeurope.com\/@fr\/115135976880424178","error":""},"_links":{"self":[{"href":"https:\/\/www.europesays.com\/fr\/wp-json\/wp\/v2\/posts\/361309","targetHints":{"allow":["GET"]}}],"collection":[{"href":"https:\/\/www.europesays.com\/fr\/wp-json\/wp\/v2\/posts"}],"about":[{"href":"https:\/\/www.europesays.com\/fr\/wp-json\/wp\/v2\/types\/post"}],"author":[{"embeddable":true,"href":"https:\/\/www.europesays.com\/fr\/wp-json\/wp\/v2\/users\/2"}],"replies":[{"embeddable":true,"href":"https:\/\/www.europesays.com\/fr\/wp-json\/wp\/v2\/comments?post=361309"}],"version-history":[{"count":0,"href":"https:\/\/www.europesays.com\/fr\/wp-json\/wp\/v2\/posts\/361309\/revisions"}],"wp:featuredmedia":[{"embeddable":true,"href":"https:\/\/www.europesays.com\/fr\/wp-json\/wp\/v2\/media\/310687"}],"wp:attachment":[{"href":"https:\/\/www.europesays.com\/fr\/wp-json\/wp\/v2\/media?parent=361309"}],"wp:term":[{"taxonomy":"category","embeddable":true,"href":"https:\/\/www.europesays.com\/fr\/wp-json\/wp\/v2\/categories?post=361309"},{"taxonomy":"post_tag","embeddable":true,"href":"https:\/\/www.europesays.com\/fr\/wp-json\/wp\/v2\/tags?post=361309"}],"curies":[{"name":"wp","href":"https:\/\/api.w.org\/{rel}","templated":true}]}}