{"id":361310,"date":"2025-09-02T17:52:10","date_gmt":"2025-09-02T17:52:10","guid":{"rendered":"https:\/\/www.europesays.com\/fr\/361310\/"},"modified":"2025-09-02T17:52:10","modified_gmt":"2025-09-02T17:52:10","slug":"montpellier-va-accueillir-un-sommet-mondial-dedie-au-tourisme-responsable","status":"publish","type":"post","link":"https:\/\/www.europesays.com\/fr\/361310\/","title":{"rendered":"Montpellier va accueillir un sommet mondial d\u00e9di\u00e9 au tourisme responsable"},"content":{"rendered":"<p data-start=\"383\" data-end=\"691\"><strong data-start=\"383\" data-end=\"485\">Pendant trois jours, Montpellier se transformera en v\u00e9ritable laboratoire du tourisme responsable.<\/strong> Le congr\u00e8s Green Destinations, jamais encore organis\u00e9 en France, prendra ses quartiers au Corum et dans plusieurs lieux embl\u00e9matiques de la ville comme l\u2019Agora ou la Maison des relations internationales.<\/p>\n<p>&#13;<\/p>\n<p data-start=\"693\" data-end=\"1003\"><strong data-start=\"693\" data-end=\"791\">L\u2019\u00e9v\u00e9nement r\u00e9unira pr\u00e8s de 300 chercheurs, d\u00e9cideurs et professionnels venus du monde entier.<\/strong> Leur mission\u00a0: r\u00e9fl\u00e9chir \u00e0 la d\u00e9carbonation des activit\u00e9s touristiques, \u00e0 la pr\u00e9servation des ressources et \u00e0 l\u2019adaptation au changement climatique, des enjeux devenus incontournables pour l\u2019avenir du secteur.<\/p>\n<p>&#13;<br \/>\n<strong>Une dynamique collective en Occitanie<\/strong>&#13;<\/p>\n<p data-start=\"1054\" data-end=\"1417\"><strong data-start=\"1054\" data-end=\"1254\">Port\u00e9 par Montpellier M\u00e9diterran\u00e9e M\u00e9tropole, le CRTL Occitanie, l\u2019Ademe et Open Tourisme Lab, le congr\u00e8s illustre la force collective d\u2019un territoire pionnier en mati\u00e8re de transition \u00e9cologique.<\/strong> Emmanuel Bobin, directeur d\u2019Open Tourisme Lab, souligne d\u2019ailleurs cette \u00e9nergie commune, capable de transformer durablement les territoires et leurs pratiques.<\/p>\n<p>&#13;<\/p>\n<p data-start=\"1419\" data-end=\"1740\"><strong data-start=\"1419\" data-end=\"1552\">Au-del\u00e0 des conf\u00e9rences, six \u00e9ductours th\u00e9matiques inviteront les participants \u00e0 d\u00e9couvrir des initiatives locales embl\u00e9matiques.<\/strong> De Saint-Guilhem-le-D\u00e9sert au Pont du Gard en passant par le Grau-du-Roi ou la vall\u00e9e de l\u2019H\u00e9rault, l\u2019Occitanie profitera de l\u2019\u00e9v\u00e9nement pour mettre en lumi\u00e8re ses engagements concrets.<\/p>\n<p>&#13;<br \/>\n<strong>L\u2019Occitanie en vitrine du tourisme responsable<\/strong>&#13;<\/p>\n<p data-start=\"1800\" data-end=\"2068\"><strong data-start=\"1800\" data-end=\"1919\">Le congr\u00e8s confirme la place croissante de Montpellier et de l\u2019Occitanie sur la carte mondiale du tourisme durable.<\/strong> L\u2019\u00e9v\u00e9nement s\u2019inscrit dans une strat\u00e9gie r\u00e9gionale de long terme, soutenue par des politiques publiques et des partenariats institutionnels forts.<\/p>\n<p>&#13;<\/p>\n<p data-start=\"2070\" data-end=\"2401\"><strong data-start=\"2070\" data-end=\"2188\">Aujourd\u2019hui, 20 destinations d\u2019Occitanie sont d\u00e9j\u00e0 engag\u00e9es dans un processus de labellisation Green Destinations.<\/strong> Un chiffre qui t\u00e9moigne de la volont\u00e9 affirm\u00e9e de la r\u00e9gion de devenir une r\u00e9f\u00e9rence internationale en mati\u00e8re de tourisme \u00e9coresponsable, tout en donnant \u00e0 Montpellier un r\u00f4le de capitale verte incontournable.<\/p>\n<p>&#13;<\/p>\n<p data-start=\"2070\" data-end=\"2401\">Source\u00a0: <a href=\"https:\/\/mesinfos.fr\/34000-montpellier\/montpellier-hote-du-congres-mondial-green-destinations-229017.html\" rel=\"nofollow noopener noreferrer\" target=\"_blank\">mesinfos.fr<\/a><\/p>\n","protected":false},"excerpt":{"rendered":"Pendant trois jours, Montpellier se transformera en v\u00e9ritable laboratoire du tourisme responsable. Le congr\u00e8s Green Destinations, jamais encore&hellip;\n","protected":false},"author":2,"featured_media":361311,"comment_status":"","ping_status":"","sticky":false,"template":"","format":"standard","meta":{"footnotes":""},"categories":[9599],"tags":[1111,11,1777,674,1011,27,2208,12,2680,25],"class_list":{"0":"post-361310","1":"post","2":"type-post","3":"status-publish","4":"format-standard","5":"has-post-thumbnail","7":"category-montpellier","8":"tag-actu","9":"tag-actualites","10":"tag-eu","11":"tag-europe","12":"tag-fr","13":"tag-france","14":"tag-montpellier","15":"tag-news","16":"tag-occitanie","17":"tag-republique-francaise"},"share_on_mastodon":{"url":"https:\/\/pubeurope.com\/@fr\/115135980781617870","error":""},"_links":{"self":[{"href":"https:\/\/www.europesays.com\/fr\/wp-json\/wp\/v2\/posts\/361310","targetHints":{"allow":["GET"]}}],"collection":[{"href":"https:\/\/www.europesays.com\/fr\/wp-json\/wp\/v2\/posts"}],"about":[{"href":"https:\/\/www.europesays.com\/fr\/wp-json\/wp\/v2\/types\/post"}],"author":[{"embeddable":true,"href":"https:\/\/www.europesays.com\/fr\/wp-json\/wp\/v2\/users\/2"}],"replies":[{"embeddable":true,"href":"https:\/\/www.europesays.com\/fr\/wp-json\/wp\/v2\/comments?post=361310"}],"version-history":[{"count":0,"href":"https:\/\/www.europesays.com\/fr\/wp-json\/wp\/v2\/posts\/361310\/revisions"}],"wp:featuredmedia":[{"embeddable":true,"href":"https:\/\/www.europesays.com\/fr\/wp-json\/wp\/v2\/media\/361311"}],"wp:attachment":[{"href":"https:\/\/www.europesays.com\/fr\/wp-json\/wp\/v2\/media?parent=361310"}],"wp:term":[{"taxonomy":"category","embeddable":true,"href":"https:\/\/www.europesays.com\/fr\/wp-json\/wp\/v2\/categories?post=361310"},{"taxonomy":"post_tag","embeddable":true,"href":"https:\/\/www.europesays.com\/fr\/wp-json\/wp\/v2\/tags?post=361310"}],"curies":[{"name":"wp","href":"https:\/\/api.w.org\/{rel}","templated":true}]}}