{"id":361312,"date":"2025-09-02T17:53:14","date_gmt":"2025-09-02T17:53:14","guid":{"rendered":"https:\/\/www.europesays.com\/fr\/361312\/"},"modified":"2025-09-02T17:53:14","modified_gmt":"2025-09-02T17:53:14","slug":"on-a-du-mal-a-definir-ce-quest-un-dessin-la-9e-edition-de-drawing-draw-brouille-les-frontieres-a-montpellier","status":"publish","type":"post","link":"https:\/\/www.europesays.com\/fr\/361312\/","title":{"rendered":"\u00ab\u00a0On a du mal \u00e0 d\u00e9finir ce qu\u2019est un dessin\u00a0\u00bb\u00a0: la 9e \u00e9dition de Drawing Draw brouille les fronti\u00e8res \u00e0 Montpellier"},"content":{"rendered":"<p>\n                                                                Six artistes participent au salon Drawing Draw dont c\u2019est la neuvi\u00e8me \u00e9dition. Jusqu\u2019au 5\u00a0octobre, l\u2019\u00e9v\u00e9nement met en avant la vitalit\u00e9 du dessin contemporain.\u00a0Parmi les temps forts, Vincent Puren pr\u00e9sente une s\u00e9rie consacr\u00e9e \u00e0 Saint Roch, figure embl\u00e9matique de la ville.\n                            <\/p>\n<p>La 9e \u00e9dition du salon Drawing Draw s\u2019ouvre ce jeudi et se tiendra jusqu\u2019au 5\u00a0octobre. Organis\u00e9 par deux galeries complices, l\u2019\u00e9v\u00e9nement met en avant la vitalit\u00e9 et la diversit\u00e9 du dessin contemporain. Le dessin a quitt\u00e9 depuis longtemps son r\u00f4le d\u2019\u00e9tude et pr\u00e9paratoire pour s\u2019imposer comme un m\u00e9dium \u00e0 part enti\u00e8re jusqu\u2019\u00e0 bousculer les fronti\u00e8res.\u00a0\u00ab\u00a0On a du mal \u00e0 d\u00e9finir ce qu\u2019est un dessin, ce qui ne l\u2019est pas. \u00c7a peut \u00eatre du crayon, du pastel, de la gouache, de l\u2019aquarelle. Mais en g\u00e9n\u00e9ral, d\u00e8s qu\u2019on a un support papier, on parle de dessin\u00a0\u00bb, r\u00e9sume Dominique Dalbin, \u00e0 la t\u00eate du Lieu Multiple.<\/p>\n<p>Une s\u00e9rie sur Saint-Roch<\/p>\n<p>Six artistes participent \u00e0 cette \u00e9dition, dont une majorit\u00e9 install\u00e9s en Occitanie. Vincent Puren, originaire de la r\u00e9gion parisienne, s\u2019est immerg\u00e9 dans la culture montpelli\u00e9raine avec une s\u00e9rie consacr\u00e9e \u00e0 Saint Roch, figure iconique et saint patron de la ville, r\u00e9alis\u00e9e au Lieu Multiple durant deux \u00e9t\u00e9s.<\/p>\n<p>        <img decoding=\"async\" class=\"std-img__img responsive-img\" src=\"https:\/\/www.europesays.com\/fr\/wp-content\/uploads\/2025\/09\/1756835594_161_image.jpg\" alt=\"Dessin de Vincent Puren autour de Saint-Roch.\"\/><\/p>\n<p>                Dessin de Vincent Puren autour de Saint-Roch.<\/p>\n<p>Le dessin est un art accessible<\/p>\n<p>Le dessin s\u00e9duit par sa diversit\u00e9 et son accessibilit\u00e9. \u00ab\u00a0On a de la diversit\u00e9 dans les repr\u00e9sentations et puis on a aussi des prix qui sont en g\u00e9n\u00e9ral plus abordables que des grands formats, des peintures ou des sculptures\u00a0\u00bb, souligne Dominique Dalbin, qui aime r\u00e9galer le public.<\/p>\n<p>    A retenir<\/p>\n<p>Tamina Beausoleil, Maria Clark, et\u00a0Mona Laure Millet sont expos\u00e9es du 5\u00a0septembre jusqu\u2019au 5\u00a0octobre au Lieu multiple, 3, rue de Moissac \u00e0 Montpellier. Les vendredis et samedis de 15\u00a0h \u00e0 18\u00a0h\u00a030 et sur rendez-vous. Entr\u00e9e libre. Vernissage le jeudi 4\u00a0septembre \u00e0 17\u00a0h\u00a0<a href=\"http:\/\/lelieumultiplemontpellier.com\" target=\"_blank\" rel=\"nofollow noopener\">lelieumultiplemontpellier.com<\/a><\/p>\n<p>Jo\u00eblle Bondil, Bruno Mercet, et Vincent Puren sont pr\u00e9sent\u00e9s du 6\u00a0septembre au 5\u00a0octobre \u00e0 la Galerie N5, 5, rue Sainte Anne, Montpellier. Du mercredi au samedi, de 10\u00a0h \u00e0 13\u00a0h et de 14\u00a0h \u00e0 18\u00a0h\u00a030. Entr\u00e9e libre. Vernissage le vendredi 5\u00a0septembre \u00e0 17\u00a0h <a href=\"http:\/\/n5galeriemontpellier.com\" target=\"_blank\" rel=\"nofollow noopener\">n5galeriemontpellier.com<\/a><\/p>\n","protected":false},"excerpt":{"rendered":"Six artistes participent au salon Drawing Draw dont c\u2019est la neuvi\u00e8me \u00e9dition. Jusqu\u2019au 5\u00a0octobre, l\u2019\u00e9v\u00e9nement met en avant&hellip;\n","protected":false},"author":2,"featured_media":361313,"comment_status":"","ping_status":"","sticky":false,"template":"","format":"standard","meta":{"footnotes":""},"categories":[9599],"tags":[1111,11,1777,674,1011,27,2208,12,2680,25],"class_list":{"0":"post-361312","1":"post","2":"type-post","3":"status-publish","4":"format-standard","5":"has-post-thumbnail","7":"category-montpellier","8":"tag-actu","9":"tag-actualites","10":"tag-eu","11":"tag-europe","12":"tag-fr","13":"tag-france","14":"tag-montpellier","15":"tag-news","16":"tag-occitanie","17":"tag-republique-francaise"},"share_on_mastodon":{"url":"https:\/\/pubeurope.com\/@fr\/115135984593983916","error":""},"_links":{"self":[{"href":"https:\/\/www.europesays.com\/fr\/wp-json\/wp\/v2\/posts\/361312","targetHints":{"allow":["GET"]}}],"collection":[{"href":"https:\/\/www.europesays.com\/fr\/wp-json\/wp\/v2\/posts"}],"about":[{"href":"https:\/\/www.europesays.com\/fr\/wp-json\/wp\/v2\/types\/post"}],"author":[{"embeddable":true,"href":"https:\/\/www.europesays.com\/fr\/wp-json\/wp\/v2\/users\/2"}],"replies":[{"embeddable":true,"href":"https:\/\/www.europesays.com\/fr\/wp-json\/wp\/v2\/comments?post=361312"}],"version-history":[{"count":0,"href":"https:\/\/www.europesays.com\/fr\/wp-json\/wp\/v2\/posts\/361312\/revisions"}],"wp:featuredmedia":[{"embeddable":true,"href":"https:\/\/www.europesays.com\/fr\/wp-json\/wp\/v2\/media\/361313"}],"wp:attachment":[{"href":"https:\/\/www.europesays.com\/fr\/wp-json\/wp\/v2\/media?parent=361312"}],"wp:term":[{"taxonomy":"category","embeddable":true,"href":"https:\/\/www.europesays.com\/fr\/wp-json\/wp\/v2\/categories?post=361312"},{"taxonomy":"post_tag","embeddable":true,"href":"https:\/\/www.europesays.com\/fr\/wp-json\/wp\/v2\/tags?post=361312"}],"curies":[{"name":"wp","href":"https:\/\/api.w.org\/{rel}","templated":true}]}}