{"id":361315,"date":"2025-09-02T17:56:11","date_gmt":"2025-09-02T17:56:11","guid":{"rendered":"https:\/\/www.europesays.com\/fr\/361315\/"},"modified":"2025-09-02T17:56:11","modified_gmt":"2025-09-02T17:56:11","slug":"echirolles-comment-ils-vivent-au-quotidien-dans-lecole-dun-quartier-gangrene-par-le-deal","status":"publish","type":"post","link":"https:\/\/www.europesays.com\/fr\/361315\/","title":{"rendered":"\u00c9chirolles. Comment ils vivent au quotidien dans l\u2019\u00e9cole d\u2019un quartier gangr\u00e9n\u00e9 par le deal"},"content":{"rendered":"<p>Il est 8\u00a0h\u00a030 et, comme chaque matin, midi et soir, quatre policiers nationaux surveillent les abords de l\u2019\u00e9tablissement dans cette petite rue, all\u00e9e du G\u00e2tinais, coinc\u00e9e sous de hauts immeubles. \u00c0 une petite centaine de m\u00e8tres d\u2019eux, assis sur un fauteuil lunettes de soleil sur le nez malgr\u00e9 les nuages qui enrobent l\u2019agglom\u00e9ration grenobloise, un homme scrute l\u2019horizon policier sans vergogne. Dans ce quartier min\u00e9 par le trafic de drogue, quelques trottinettistes quadrillent aussi le secteur dans un ballet qui \u00e9meut \u00e0 peine les habitants. \u00ab\u00a0\u00c0 notre niveau, on ne peut rien y faire. J\u2019ai grandi ici et je travaille \u00e0 l\u2019\u00e9cole depuis cinq ans, c\u2019est pour les enfants qu\u2019on est l\u00e0.\u00a0\u00bb<\/p>\n<p>Les m\u00f4mes captent toute l\u2019attention de cette Atsem de l\u2019\u00e9cole Elsa-Triolet, <a href=\"https:\/\/www.ledauphine.com\/education\/2024\/11\/25\/isere-echirolles-point-de-deal-autour-de-l-ecole-pas-de-cantine-a-la-maternelle-elsa-triolet\" target=\"_blank\" rel=\"noopener\">dix mois apr\u00e8s la suspension du service de cantine scolaire<\/a>. En cause\u00a0?&#8230;<\/p>\n","protected":false},"excerpt":{"rendered":"Il est 8\u00a0h\u00a030 et, comme chaque matin, midi et soir, quatre policiers nationaux surveillent les abords de l\u2019\u00e9tablissement&hellip;\n","protected":false},"author":2,"featured_media":361316,"comment_status":"","ping_status":"","sticky":false,"template":"","format":"standard","meta":{"footnotes":""},"categories":[9566],"tags":[1111,11,2430,9852,9853,112,1057,1777,674,274,107,1011,27,2731,108,10425,12,25,106],"class_list":{"0":"post-361315","1":"post","2":"type-post","3":"status-publish","4":"format-standard","5":"has-post-thumbnail","7":"category-grenoble","8":"tag-actu","9":"tag-actualites","10":"tag-auvergne-rhone-alpes","11":"tag-echirolles","12":"tag-echirolles-bassin","13":"tag-edition-grenoble-agglomeration","14":"tag-education","15":"tag-eu","16":"tag-europe","17":"tag-faits-divers-justice","18":"tag-fil-info","19":"tag-fr","20":"tag-france","21":"tag-grenoble","22":"tag-isere","23":"tag-maternelle-elementaire","24":"tag-news","25":"tag-republique-francaise","26":"tag-selection-de-la-redaction-38"},"share_on_mastodon":{"url":"https:\/\/pubeurope.com\/@fr\/115135996432006040","error":""},"_links":{"self":[{"href":"https:\/\/www.europesays.com\/fr\/wp-json\/wp\/v2\/posts\/361315","targetHints":{"allow":["GET"]}}],"collection":[{"href":"https:\/\/www.europesays.com\/fr\/wp-json\/wp\/v2\/posts"}],"about":[{"href":"https:\/\/www.europesays.com\/fr\/wp-json\/wp\/v2\/types\/post"}],"author":[{"embeddable":true,"href":"https:\/\/www.europesays.com\/fr\/wp-json\/wp\/v2\/users\/2"}],"replies":[{"embeddable":true,"href":"https:\/\/www.europesays.com\/fr\/wp-json\/wp\/v2\/comments?post=361315"}],"version-history":[{"count":0,"href":"https:\/\/www.europesays.com\/fr\/wp-json\/wp\/v2\/posts\/361315\/revisions"}],"wp:featuredmedia":[{"embeddable":true,"href":"https:\/\/www.europesays.com\/fr\/wp-json\/wp\/v2\/media\/361316"}],"wp:attachment":[{"href":"https:\/\/www.europesays.com\/fr\/wp-json\/wp\/v2\/media?parent=361315"}],"wp:term":[{"taxonomy":"category","embeddable":true,"href":"https:\/\/www.europesays.com\/fr\/wp-json\/wp\/v2\/categories?post=361315"},{"taxonomy":"post_tag","embeddable":true,"href":"https:\/\/www.europesays.com\/fr\/wp-json\/wp\/v2\/tags?post=361315"}],"curies":[{"name":"wp","href":"https:\/\/api.w.org\/{rel}","templated":true}]}}