{"id":361317,"date":"2025-09-02T17:57:27","date_gmt":"2025-09-02T17:57:27","guid":{"rendered":"https:\/\/www.europesays.com\/fr\/361317\/"},"modified":"2025-09-02T17:57:27","modified_gmt":"2025-09-02T17:57:27","slug":"carton-plein-pour-la-piscine-jean-bron-cet-ete-a-grenoble","status":"publish","type":"post","link":"https:\/\/www.europesays.com\/fr\/361317\/","title":{"rendered":"Carton plein pour la piscine Jean-Bron cet \u00e9t\u00e9 \u00e0 Grenoble"},"content":{"rendered":"<p>La ville de Grenoble a d\u00e9voil\u00e9 ce mardi 2 septembre les chiffres de fr\u00e9quentation des piscines municipales cet \u00e9t\u00e9. La piscine Jean-Bron a accueilli plus de 80.000 personnes. <\/p>\n<p>\u00ab\u00a0Une saison exceptionnelle pour la piscine Jean-Bron.\u00a0\u00bb Voil\u00e0 ce qu&rsquo;annonce la ville de Grenoble ce mardi. Et pour cause, elle a accueilli 82.825 personnes cet \u00e9t\u00e9 entre le 14 juin et le 31 ao\u00fbt. C&rsquo;est donc mieux qu&rsquo;en 2024 (78.683 entr\u00e9es) et qu&rsquo;en 2023 (60.442 entr\u00e9es).<\/p>\n<p>Jean-Bron r\u00e9nov\u00e9e pour l&rsquo;accueil des clubs et des scolaires<\/p>\n<p>La saison estivale a pris fin ce dimanche mais elle accueillera les scolaires dans le cadre de l&rsquo;op\u00e9ration \u00ab\u00a0Savoir nager\u00a0\u00bb et des clubs jusqu&rsquo;en novembre prochain. \u00ab\u00a0Alors que la piscine Clos d\u2019Or fait l\u2019objet d\u2019importants travaux de r\u00e9novation, la piscine Jean Bron accueillera les scolaires et les clubs jusqu\u2019\u00e0 la Toussaint puis d\u2019avril \u00e0 juin 2026. <strong>Des travaux ont \u00e9t\u00e9 r\u00e9alis\u00e9s \u00e0 Jean Bron pour permettre cet accueil avec l\u2019installation d\u2019une couverture thermique, d\u2019un \u00e9clairage led et de barnums et deux vestiaires collectifs s\u00e9curis\u00e9s ont \u00e9galement \u00e9t\u00e9 cr\u00e9\u00e9s \u00e0 cette fin\u00a0\u00bb<\/strong>, explique la ville de Grenoble.<\/p>\n<p>Concernant la piscine des Dauphins, l\u00e0 aussi la fr\u00e9quentation a augment\u00e9 avec 15.930 entr\u00e9es contre plus de 14.000 l&rsquo;ann\u00e9e derni\u00e8re.\u00a0La piscine Bulle d&rsquo;O a elle retrouv\u00e9 du public ce mardi 2 septembre.<\/p>\n","protected":false},"excerpt":{"rendered":"La ville de Grenoble a d\u00e9voil\u00e9 ce mardi 2 septembre les chiffres de fr\u00e9quentation des piscines municipales cet&hellip;\n","protected":false},"author":2,"featured_media":361318,"comment_status":"","ping_status":"","sticky":false,"template":"","format":"standard","meta":{"footnotes":""},"categories":[9566],"tags":[1111,11,2430,1777,674,1011,27,2731,12,25],"class_list":{"0":"post-361317","1":"post","2":"type-post","3":"status-publish","4":"format-standard","5":"has-post-thumbnail","7":"category-grenoble","8":"tag-actu","9":"tag-actualites","10":"tag-auvergne-rhone-alpes","11":"tag-eu","12":"tag-europe","13":"tag-fr","14":"tag-france","15":"tag-grenoble","16":"tag-news","17":"tag-republique-francaise"},"share_on_mastodon":{"url":"https:\/\/pubeurope.com\/@fr\/115136000726436332","error":""},"_links":{"self":[{"href":"https:\/\/www.europesays.com\/fr\/wp-json\/wp\/v2\/posts\/361317","targetHints":{"allow":["GET"]}}],"collection":[{"href":"https:\/\/www.europesays.com\/fr\/wp-json\/wp\/v2\/posts"}],"about":[{"href":"https:\/\/www.europesays.com\/fr\/wp-json\/wp\/v2\/types\/post"}],"author":[{"embeddable":true,"href":"https:\/\/www.europesays.com\/fr\/wp-json\/wp\/v2\/users\/2"}],"replies":[{"embeddable":true,"href":"https:\/\/www.europesays.com\/fr\/wp-json\/wp\/v2\/comments?post=361317"}],"version-history":[{"count":0,"href":"https:\/\/www.europesays.com\/fr\/wp-json\/wp\/v2\/posts\/361317\/revisions"}],"wp:featuredmedia":[{"embeddable":true,"href":"https:\/\/www.europesays.com\/fr\/wp-json\/wp\/v2\/media\/361318"}],"wp:attachment":[{"href":"https:\/\/www.europesays.com\/fr\/wp-json\/wp\/v2\/media?parent=361317"}],"wp:term":[{"taxonomy":"category","embeddable":true,"href":"https:\/\/www.europesays.com\/fr\/wp-json\/wp\/v2\/categories?post=361317"},{"taxonomy":"post_tag","embeddable":true,"href":"https:\/\/www.europesays.com\/fr\/wp-json\/wp\/v2\/tags?post=361317"}],"curies":[{"name":"wp","href":"https:\/\/api.w.org\/{rel}","templated":true}]}}