{"id":361319,"date":"2025-09-02T17:58:18","date_gmt":"2025-09-02T17:58:18","guid":{"rendered":"https:\/\/www.europesays.com\/fr\/361319\/"},"modified":"2025-09-02T17:58:18","modified_gmt":"2025-09-02T17:58:18","slug":"acte-2-alter1fo","status":"publish","type":"post","link":"https:\/\/www.europesays.com\/fr\/361319\/","title":{"rendered":"acte 2 \u00bb \u2013 Alter1fo"},"content":{"rendered":"<p style=\"text-align: right;\" data-pm-slice=\"1 1 []\"><strong>rue d\u2019\u00c9change,<\/strong> <\/p>\n<p style=\"text-align: justify;\">Comme un bandit revenant sur les lieux du crime, Alexandre Bouchon a de nouveau \u00e9t\u00e9 vu rue d\u2019\u00c9change. Mais pas de panique ! Inutile de composer le 17 ou police secours, car ici, il n\u2019y a ni poucave, ni cadavre\u2026 Sauf peut-\u00eatre celui d\u2019une canette de bi\u00e8re, et encore. La v\u00e9ritable raison de sa pr\u00e9sence est ailleurs, et surtout plus ludique. Le gar\u00e7on est venu pour la deuxi\u00e8me fois <a href=\"https:\/\/www.radiofrance.fr\/franceinter\/podcasts\/qu-est-c-que-tu-m-jactes\/pimper-4084618\" target=\"_blank\" rel=\"noopener nofollow\">pimper <\/a>le mur longeant l\u2019ancien couvent des Jacobins .<\/p>\n<p style=\"text-align: justify;\">Fid\u00e8le \u00e0 sa d\u00e9marche, l\u2019artiste rennais expose de grands tirages polaroids faisant appara\u00eetre des visages XXL, familiers de la place Sainte-Anne. Des portraits tant\u00f4t lumineux, souriants, tant\u00f4t dans la provoc\u2019\u2026 comme un rappel fraternel \u00e0 cet esprit rebelle qui hante encore les alentours malgr\u00e9 les attaques r\u00e9p\u00e9t\u00e9es des urbanistes-gentrificateurs de la ville.<\/p>\n<p style=\"text-align: justify;\">Une (autre) bonne raison de d\u00e9couvrir cette \u00ab galerie \u00e0 ciel ouvert \u00bb, comme on dit dans les journaux, est que les inscriptions vandales apparues cet \u00e9t\u00e9 subtilement (ou subitement, c\u2019est selon votre approche de l\u2019art urbain, NDLR) n\u2019ont pas \u00e9t\u00e9 effac\u00e9es.\u00a0En effet, habituellement, chaque fresque d\u00e9bute par un gros reset de l\u2019existant : Ctrl+Alt+Sup et peinture blanche sur tout l\u2019espace. Pas de quartier ! Sauf l\u00e0. Ainsi, ces toys (Tag Over Your Shit, NDLR) conf\u00e8rent au lieu une atmosph\u00e8re pleine de vitalit\u00e9 qui ne nous d\u00e9pla\u00eet pas, bien au contraire, nous faisant presque oublier que l\u2019\u00e9v\u00e9nement s\u2019inscrit dans une prog\u2019 sponsoris\u00e9e par la ville de Rennes. Alors, bravo l\u2019artiste !<\/p>\n<p style=\"text-align: justify;\">PS : On suivra quand m\u00eame avec gourmandise le temps pris par les services de nettoyage de la ville pour effacer le fameux 4C4B en plein milieu du Mur\u2026 <a href=\"https:\/\/alter1fo.com\/repere-tous-les-colibris-sont-beaux-par-lartiste-war-143326\" target=\"_blank\" rel=\"noopener nofollow\">On se rappelle que celui de WAR! n\u2019avait pas r\u00e9sist\u00e9 bien longtemps\u2026<\/a><\/p>\n<p><a title=\"[01 septembre 2025] \u2013 Un jour, une photo : \u00ab Les portraits format Pola de Bouchon : Acte 2 \u00bb\" href=\"https:\/\/www.flickr.com\/photos\/alter1fo\/54761203158\/in\/dateposted-public\/\" data-flickr-embed=\"true\" data-footer=\"true\" rel=\"nofollow noopener\" target=\"_blank\"><img fetchpriority=\"high\" decoding=\"async\" src=\"https:\/\/www.europesays.com\/fr\/wp-content\/uploads\/2025\/09\/54761203158_e8838285b2_b.jpg\" alt=\"[01 septembre 2025] \u2013 Un jour, une photo : \u00ab Les portraits format Pola de Bouchon : Acte 2 \u00bb\" width=\"1024\" height=\"683\"\/><\/a><\/p>\n<blockquote>\n<p style=\"text-align: justify;\"><strong>\u00ab Une image vaut mieux que mille mots \u00bb. <\/strong>Cette rubrique \u00e0 Alter1fo, \u00ab 1 jour, 1 photo \u00bb n\u2019ira pas \u00e0 l\u2019encontre de la citation de Confucius puisqu\u2019elle laisse une place importante aux instantan\u00e9s de vie fig\u00e9s par les appareils photographiques et le regard de nos r\u00e9dactrices et r\u00e9dacteurs.<\/p>\n<\/blockquote>\n<p style=\"text-align: center;\">Retrouvez l\u2019ensemble des articles ci-dessous (sinon voir directement <a href=\"https:\/\/www.flickr.com\/photos\/alter1fo\/albums\/72157662174460801\" target=\"_blank\" rel=\"noopener noreferrer nofollow\">l\u2019album sur flickr<\/a>)<\/p>\n<ul>\n<li><a href=\"https:\/\/alter1fo.com\/bouchon-culture-expo-polaroid-rennes-148747\" title=\"[01 septembre 2025] \u2013 Un jour, une photo : \u00ab Les portraits format Pola de Bouchon : acte 2 \u00bb\" rel=\"nofollow noopener\" target=\"_blank\">[01 septembre 2025] \u2013 Un jour, une photo : \u00ab Les portraits format Pola de Bouchon : acte 2 \u00bb<\/a><\/li>\n<li><a href=\"https:\/\/alter1fo.com\/promenade-agnes-labbe-courrouze-rennes-148621\" title=\"[24 aout 2025] \u2013 Un jour, une photo : Promenade Agn\u00e8s Labb\u00e9\" rel=\"nofollow noopener\" target=\"_blank\">[24 aout 2025] \u2013 Un jour, une photo : Promenade Agn\u00e8s Labb\u00e9<\/a><\/li>\n<li><a href=\"https:\/\/alter1fo.com\/scarlett-coten-frac-148296\" title=\"[26 juillet 2025] \u2013 Un jour, une photo : Scarlett Coten bouscule les st\u00e9r\u00e9otypes\" rel=\"nofollow noopener\" target=\"_blank\">[26 juillet 2025] \u2013 Un jour, une photo : Scarlett Coten bouscule les st\u00e9r\u00e9otypes<\/a><\/li>\n<li><a href=\"https:\/\/alter1fo.com\/jardin-des-arts-2025-et-la-parite-alors-148144\" title=\"[06 juillet 2025] \u2013 Un jour, une photo : Jardin des Arts, nouvelle \u00e9dition 2025\" rel=\"nofollow noopener\" target=\"_blank\">[06 juillet 2025] \u2013 Un jour, une photo : Jardin des Arts, nouvelle \u00e9dition 2025<\/a><\/li>\n<li><a href=\"https:\/\/alter1fo.com\/cacher-ce-drapeau-kanak-war-rennes-148086\" title=\"[02 juillet 2025] \u2013 Un jour, une photo : WAR! de nouveau censur\u00e9 \u00e0 Rennes !\" rel=\"nofollow noopener\" target=\"_blank\">[02 juillet 2025] \u2013 Un jour, une photo : WAR! de nouveau censur\u00e9 \u00e0 Rennes !<\/a><\/li>\n<li><a href=\"https:\/\/alter1fo.com\/swed-oner-street-art-mur-148044\" title=\"[28 juin 2025] \u2013 Un jour, une photo : \u00ab L\u2019artiste Swed Oner \u00e0 pied (et main) d\u2019\u0153uvre \u00bb\" rel=\"nofollow noopener\" target=\"_blank\">[28 juin 2025] \u2013 Un jour, une photo : \u00ab L\u2019artiste Swed Oner \u00e0 pied (et main) d\u2019\u0153uvre \u00bb<\/a><\/li>\n<li><a href=\"https:\/\/alter1fo.com\/seconde-pot-ancienne-prison-jacques-cartier-rennes-147774\" title=\"[15 juin 2025] \u2013 Un jour, une photo : \u00ab Seconde pot, \u00e0 l\u2019ancienne prison Jacques Cartier  \u00bb\" rel=\"nofollow noopener\" target=\"_blank\">[15 juin 2025] \u2013 Un jour, une photo : \u00ab Seconde pot, \u00e0 l\u2019ancienne prison Jacques Cartier  \u00bb<\/a><\/li>\n<li><a href=\"https:\/\/alter1fo.com\/polaroid-bouchon-rue-echange-147720\" title=\"[14 juin 2025] \u2013 Un jour, une photo : \u00ab Les portraits format polaroid de Bouchon \u00bb\" rel=\"nofollow noopener\" target=\"_blank\">[14 juin 2025] \u2013 Un jour, une photo : \u00ab Les portraits format polaroid de Bouchon \u00bb<\/a><\/li>\n<li><a href=\"https:\/\/alter1fo.com\/08-juin-2025-un-jour-une-photo-lunivers-scientifique-et-japonais-de-lady-k-147667\" title=\"[08 juin 2025] \u2013 Un jour, une photo : \u00ab L\u2019univers scientifique et japonais \u00bb de Lady K.\" rel=\"nofollow noopener\" target=\"_blank\">[08 juin 2025] \u2013 Un jour, une photo : \u00ab L\u2019univers scientifique et japonais \u00bb de Lady K.<\/a><\/li>\n<li><a href=\"https:\/\/alter1fo.com\/colombier-exploration-artistique-patrimoniale-rennes-147022\" title=\"[29 mars 2025] \u2013 Un jour, une photo : \u00ab \u00c0 la recherche du Colombier \u00bb, une exploration artistique et patrimoniale d\u2019un quartier rennais.\" rel=\"nofollow noopener\" target=\"_blank\">[29 mars 2025] \u2013 Un jour, une photo : \u00ab \u00c0 la recherche du Colombier \u00bb, une exploration artistique et patrimoniale d\u2019un quartier rennais.<\/a><\/li>\n<li><a href=\"https:\/\/alter1fo.com\/exposition-sane-insanerennes-art2rennes-146831\" title=\"[16 mars 2025] \u2013 Un jour, une photo : Expo collective \u00ab Sane \/ Insane \u00bb au Pavillon Courrouze\" rel=\"nofollow noopener\" target=\"_blank\">[16 mars 2025] \u2013 Un jour, une photo : Expo collective \u00ab Sane \/ Insane \u00bb au Pavillon Courrouze<\/a><\/li>\n<li><a href=\"https:\/\/alter1fo.com\/etiou-ou-la-mise-en-abyme-146562\" title=\"[09 f\u00e9vrier 2025] \u2013 Un jour, une photo : \u00ab La mise en abyme de l\u2019artiste Etiou \u00bb\" rel=\"nofollow noopener\" target=\"_blank\">[09 f\u00e9vrier 2025] \u2013 Un jour, une photo : \u00ab La mise en abyme de l\u2019artiste Etiou \u00bb<\/a><\/li>\n<li><a href=\"https:\/\/alter1fo.com\/musee-maurepas-rennes-culture-146501\" title=\"[02 f\u00e9vrier 2025] \u2013 Un jour, une photo : Un mus\u00e9e au pied de \u00ab La Banane \u00bb \u00e0 Maurepas\" rel=\"nofollow noopener\" target=\"_blank\">[02 f\u00e9vrier 2025] \u2013 Un jour, une photo : Un mus\u00e9e au pied de \u00ab La Banane \u00bb \u00e0 Maurepas<\/a><\/li>\n<li><a href=\"https:\/\/alter1fo.com\/inondation-crue-vilaine-rennes-2025-146404\" title=\"[26 janvier 2025] \u2013 Un jour, une photo : \u00ab Inondation novembre 1974 \u2013 octobre 1966 \u2013 d\u00e9cembre 1999\u2026 Janvier 2025 ? \u00bb\" rel=\"nofollow noopener\" target=\"_blank\">[26 janvier 2025] \u2013 Un jour, une photo : \u00ab Inondation novembre 1974 \u2013 octobre 1966 \u2013 d\u00e9cembre 1999\u2026 Janvier 2025 ? \u00bb<\/a><\/li>\n<li><a href=\"https:\/\/alter1fo.com\/mou-pas-mou-phakt-dounia-ismail-146289\" title=\"[11 janvier 2025] \u2013 Un jour, une photo : \u00ab MOU PAS MOU \u00bb de Dounia Isma\u00efl\" rel=\"nofollow noopener\" target=\"_blank\">[11 janvier 2025] \u2013 Un jour, une photo : \u00ab MOU PAS MOU \u00bb de Dounia Isma\u00efl<\/a><\/li>\n<li><a href=\"https:\/\/alter1fo.com\/82-ans-25-resistants-fusilles-maltiere-146164\" title=\"[30 d\u00e9cembre 2024] \u2013 Un jour, une photo : Il y a 82 ans, 25 r\u00e9sistants \u00e9taient fusill\u00e9s \u00e0 Saint-Jacques-de-la-Lande\" rel=\"nofollow noopener\" target=\"_blank\">[30 d\u00e9cembre 2024] \u2013 Un jour, une photo : Il y a 82 ans, 25 r\u00e9sistants \u00e9taient fusill\u00e9s \u00e0 Saint-Jacques-de-la-Lande<\/a><\/li>\n<li><a href=\"https:\/\/alter1fo.com\/tankil-tanmor-rennes-rip-146106\" title=\"[27 d\u00e9cembre 2024] \u2013 Un jour, une photo : \u00ab TANKIL. Rip \u2665 \u00bb\" rel=\"nofollow noopener\" target=\"_blank\">[27 d\u00e9cembre 2024] \u2013 Un jour, une photo : \u00ab TANKIL. Rip \u2665 \u00bb<\/a><\/li>\n<li><a href=\"https:\/\/alter1fo.com\/zfe-affiche-rennes-145968\" title=\"[17 d\u00e9cembre 2024] \u2013 Un jour, une photo : \u00ab La Zone \u00e0 Faibles \u00c9missions s\u2019affiche d\u00e9sormais \u00e0 Rennes. \u00bb\" rel=\"nofollow noopener\" target=\"_blank\">[17 d\u00e9cembre 2024] \u2013 Un jour, une photo : \u00ab La Zone \u00e0 Faibles \u00c9missions s\u2019affiche d\u00e9sormais \u00e0 Rennes. \u00bb<\/a><\/li>\n<li><a href=\"https:\/\/alter1fo.com\/je-olympique-raymond-depardon-145528\" title=\"[24 novembre 2024] \u2013 Un jour, une photo : \u00ab Les JO de Raymond Depardon \u00bb\" rel=\"nofollow noopener\" target=\"_blank\">[24 novembre 2024] \u2013 Un jour, une photo : \u00ab Les JO de Raymond Depardon \u00bb<\/a><\/li>\n<li><a href=\"https:\/\/alter1fo.com\/artiste-naga-fait-le-mur-145319\" title=\"[27 octobre 2024] \u2013 Un jour, une photo : L\u2019artiste Naga fait le MUR\" rel=\"nofollow noopener\" target=\"_blank\">[27 octobre 2024] \u2013 Un jour, une photo : L\u2019artiste Naga fait le MUR<\/a><\/li>\n<\/ul>\n<p>\u00a0<\/p>\n<p style=\"text-align: justify;\">****<\/p>\n<p>\u00a0<\/p>\n","protected":false},"excerpt":{"rendered":"rue d\u2019\u00c9change, Comme un bandit revenant sur les lieux du crime, Alexandre Bouchon a de nouveau \u00e9t\u00e9 vu&hellip;\n","protected":false},"author":2,"featured_media":361320,"comment_status":"","ping_status":"","sticky":false,"template":"","format":"standard","meta":{"footnotes":""},"categories":[2821],"tags":[1111,11,829,1777,674,1011,27,12,584,25],"class_list":{"0":"post-361319","1":"post","2":"type-post","3":"status-publish","4":"format-standard","5":"has-post-thumbnail","7":"category-rennes","8":"tag-actu","9":"tag-actualites","10":"tag-bretagne","11":"tag-eu","12":"tag-europe","13":"tag-fr","14":"tag-france","15":"tag-news","16":"tag-rennes","17":"tag-republique-francaise"},"share_on_mastodon":{"url":"https:\/\/pubeurope.com\/@fr\/115136004381385643","error":""},"_links":{"self":[{"href":"https:\/\/www.europesays.com\/fr\/wp-json\/wp\/v2\/posts\/361319","targetHints":{"allow":["GET"]}}],"collection":[{"href":"https:\/\/www.europesays.com\/fr\/wp-json\/wp\/v2\/posts"}],"about":[{"href":"https:\/\/www.europesays.com\/fr\/wp-json\/wp\/v2\/types\/post"}],"author":[{"embeddable":true,"href":"https:\/\/www.europesays.com\/fr\/wp-json\/wp\/v2\/users\/2"}],"replies":[{"embeddable":true,"href":"https:\/\/www.europesays.com\/fr\/wp-json\/wp\/v2\/comments?post=361319"}],"version-history":[{"count":0,"href":"https:\/\/www.europesays.com\/fr\/wp-json\/wp\/v2\/posts\/361319\/revisions"}],"wp:featuredmedia":[{"embeddable":true,"href":"https:\/\/www.europesays.com\/fr\/wp-json\/wp\/v2\/media\/361320"}],"wp:attachment":[{"href":"https:\/\/www.europesays.com\/fr\/wp-json\/wp\/v2\/media?parent=361319"}],"wp:term":[{"taxonomy":"category","embeddable":true,"href":"https:\/\/www.europesays.com\/fr\/wp-json\/wp\/v2\/categories?post=361319"},{"taxonomy":"post_tag","embeddable":true,"href":"https:\/\/www.europesays.com\/fr\/wp-json\/wp\/v2\/tags?post=361319"}],"curies":[{"name":"wp","href":"https:\/\/api.w.org\/{rel}","templated":true}]}}