{"id":361329,"date":"2025-09-02T18:03:10","date_gmt":"2025-09-02T18:03:10","guid":{"rendered":"https:\/\/www.europesays.com\/fr\/361329\/"},"modified":"2025-09-02T18:03:10","modified_gmt":"2025-09-02T18:03:10","slug":"un-nouveau-vol-direct-va-relier-nice-a-cette-immense-ville-des-etats-unis","status":"publish","type":"post","link":"https:\/\/www.europesays.com\/fr\/361329\/","title":{"rendered":"Un nouveau vol direct va relier Nice \u00e0 cette immense ville des \u00c9tats-Unis"},"content":{"rendered":"<p data-start=\"436\" data-end=\"766\"><strong data-start=\"436\" data-end=\"571\">\u00c0 partir du 17 mai 2026, Delta inaugurera une liaison saisonni\u00e8re directe entre Boston et Nice, \u00e0 raison de trois vols par semaine.<\/strong> La compagnie am\u00e9ricaine d\u00e9ploiera son tout dernier A330-900neo sur cette route, offrant confort, efficacit\u00e9 et une exp\u00e9rience haut de gamme pour les passagers en qu\u00eate de dolce vita azur\u00e9enne.<\/p>\n<p>&#13;<\/p>\n<p data-start=\"768\" data-end=\"1000\">Avec ce nouveau vol, <strong data-start=\"789\" data-end=\"838\">Delta renforce sa pr\u00e9sence sur la C\u00f4te d\u2019Azur<\/strong>, d\u00e9j\u00e0 desservie au d\u00e9part d\u2019Atlanta et de New York JFK. Boston devient ainsi une porte d\u2019entr\u00e9e privil\u00e9gi\u00e9e vers la M\u00e9diterran\u00e9e pour les voyageurs am\u00e9ricains.<\/p>\n<p>&#13;<br \/>\n<strong>Une nouvelle liaison entre Nice et Boston<\/strong>&#13;<\/p>\n<p data-start=\"1057\" data-end=\"1358\">Selon Rich Davey, PDG de Massport, cette ouverture marque un cap symbolique\u00a0: <strong data-start=\"1135\" data-end=\"1216\">Nice devient la 60e destination internationale de l\u2019a\u00e9roport de Boston Logan.<\/strong> Une annonce qui illustre la volont\u00e9 de l\u2019a\u00e9roport et de Delta d\u2019\u00e9toffer l\u2019offre europ\u00e9enne, aux c\u00f4t\u00e9s de nouvelles liaisons vers l\u2019Espagne.<\/p>\n<p>&#13;<\/p>\n<blockquote class=\"instagram-media\" data-instgrm-permalink=\"https:\/\/www.instagram.com\/p\/DN8Z_IhDTqm\/?utm_source=ig_embed&amp;utm_campaign=loading\" data-instgrm-version=\"14\" style=\"background: #FFF; border: 0; border-radius: 3px; box-shadow: 0 0 1px 0 rgba(0,0,0,0.5),0 1px 10px 0 rgba(0,0,0,0.15); margin: 1px; max-width: 540px; min-width: 326px; padding: 0; width: calc(100% - 2px);\"><p>&#13;<br \/>\n&#13;\n<\/p><\/blockquote>\n<p>&#13;<br \/>\n&#13;<br \/>\n&#13;<br \/>\n<strong>La C\u00f4te d\u2019Azur plus proche que jamais<\/strong>&#13;<\/p>\n<p data-start=\"1657\" data-end=\"1981\">Au-del\u00e0 des chiffres, cette nouvelle desserte offre une opportunit\u00e9 unique\u00a0: <strong data-start=\"1734\" data-end=\"1813\">relier directement l\u2019\u00e9l\u00e9gance de Boston aux rivages m\u00e9diterran\u00e9ens de Nice.<\/strong> Une nouvelle qui ravira aussi bien les Am\u00e9ricains r\u00eavant de ros\u00e9 en terrasse sur la Promenade des Anglais que les Ni\u00e7ois aspirant \u00e0 d\u00e9couvrir la Nouvelle-Angleterre.<\/p>\n<p>&#13;<\/p>\n<p data-start=\"1983\" data-end=\"2194\">Avec cette ligne, Delta confirme son r\u00f4le d\u2019acteur majeur des liaisons transatlantiques, tout en donnant aux voyageurs un avant-go\u00fbt d\u2019\u00e9t\u00e9 permanent, <strong data-start=\"2133\" data-end=\"2192\">entre croissants au beurre et homards du Massachusetts.<\/strong><\/p>\n<p><script async src=\"\/\/www.instagram.com\/embed.js\"><\/script><\/p>\n","protected":false},"excerpt":{"rendered":"\u00c0 partir du 17 mai 2026, Delta inaugurera une liaison saisonni\u00e8re directe entre Boston et Nice, \u00e0 raison&hellip;\n","protected":false},"author":2,"featured_media":361330,"comment_status":"","ping_status":"","sticky":false,"template":"","format":"standard","meta":{"footnotes":""},"categories":[2819],"tags":[1111,11,1777,674,1011,27,12,2401,882,25],"class_list":{"0":"post-361329","1":"post","2":"type-post","3":"status-publish","4":"format-standard","5":"has-post-thumbnail","7":"category-nice","8":"tag-actu","9":"tag-actualites","10":"tag-eu","11":"tag-europe","12":"tag-fr","13":"tag-france","14":"tag-news","15":"tag-nice","16":"tag-provence-alpes-cote-dazur","17":"tag-republique-francaise"},"share_on_mastodon":{"url":"https:\/\/pubeurope.com\/@fr\/115136024031984528","error":""},"_links":{"self":[{"href":"https:\/\/www.europesays.com\/fr\/wp-json\/wp\/v2\/posts\/361329","targetHints":{"allow":["GET"]}}],"collection":[{"href":"https:\/\/www.europesays.com\/fr\/wp-json\/wp\/v2\/posts"}],"about":[{"href":"https:\/\/www.europesays.com\/fr\/wp-json\/wp\/v2\/types\/post"}],"author":[{"embeddable":true,"href":"https:\/\/www.europesays.com\/fr\/wp-json\/wp\/v2\/users\/2"}],"replies":[{"embeddable":true,"href":"https:\/\/www.europesays.com\/fr\/wp-json\/wp\/v2\/comments?post=361329"}],"version-history":[{"count":0,"href":"https:\/\/www.europesays.com\/fr\/wp-json\/wp\/v2\/posts\/361329\/revisions"}],"wp:featuredmedia":[{"embeddable":true,"href":"https:\/\/www.europesays.com\/fr\/wp-json\/wp\/v2\/media\/361330"}],"wp:attachment":[{"href":"https:\/\/www.europesays.com\/fr\/wp-json\/wp\/v2\/media?parent=361329"}],"wp:term":[{"taxonomy":"category","embeddable":true,"href":"https:\/\/www.europesays.com\/fr\/wp-json\/wp\/v2\/categories?post=361329"},{"taxonomy":"post_tag","embeddable":true,"href":"https:\/\/www.europesays.com\/fr\/wp-json\/wp\/v2\/tags?post=361329"}],"curies":[{"name":"wp","href":"https:\/\/api.w.org\/{rel}","templated":true}]}}