{"id":361331,"date":"2025-09-02T18:04:10","date_gmt":"2025-09-02T18:04:10","guid":{"rendered":"https:\/\/www.europesays.com\/fr\/361331\/"},"modified":"2025-09-02T18:04:10","modified_gmt":"2025-09-02T18:04:10","slug":"spectaculart-chante-cloclo-la-cite","status":"publish","type":"post","link":"https:\/\/www.europesays.com\/fr\/361331\/","title":{"rendered":"SPECTACUL&rsquo;ART CHANTE CLOCLO &#8211; La Cit\u00e9"},"content":{"rendered":"<p>A la Cit\u00e9 des congr\u00e8s de Nantes,\u00a0<br \/>Votre\u00a0billet de spectacle donne acc\u00e8s gratuitement aux transports en commun Naolib* 2 heures avant et 2 heures apr\u00e8s le spectacle dans la limite des horaires de service.<br \/>* Hors Navette A\u00e9roport, TER, tram-train, Parking Relais et pour les dates de validit\u00e9 de ce billet.<\/p>\n<p>Venez d\u00e9couvrir le nouveau show XXL Made in Spectacul\u2019Art consacr\u00e9 \u00e0 un chanteur embl\u00e9matique : Claude Fran\u00e7ois !<br \/>\u00c0 l\u2019occasion de son 20\u00e8me anniversaire, le Ch\u0153ur Spectacul\u2019Art a d\u00e9cid\u00e9 d\u2019innover et de surprendre : laissez-vous emporter par les 4000* voix de nos choristes rejoints par Agust\u00edn Galiana pour quelques titres.<br \/>Une soir\u00e9e remplie d\u2019\u00e9motion et de nostalgie.<br \/>Un spectacle unique imagin\u00e9 par son directeur artistique Vincent Fuchs, o\u00f9 vous d\u00e9couvrirez ou re-d\u00e9couvrirez le r\u00e9pertoire festif et interg\u00e9n\u00e9rationnel de l\u2019ic\u00f4ne Cloclo.<br \/>Venez faire la f\u00eate entre amis et en famille pendant plus de 2h ! Un spectacle o\u00f9 le public jouera un r\u00f4le \u00e0 part enti\u00e8re, avec des surprises, des arrangements in\u00e9dits, des danseurs, des claudettes, un orchestre live de 25 musiciens*, des tubes \u00e0 gogo et des petites p\u00e9pites musicales oubli\u00e9es ! \u00c0 ne pas rater !<br \/>*Le nombre d\u2019artistes reste variable en fonction des repr\u00e9sentations<\/p>\n<p>La Cit\u00e9 des congr\u00e8s ne g\u00e8re pas la billetterie des spectacles qu&rsquo;elle accueille.\u00a0<br \/>Pour votre tranquillit\u00e9, achetez vos billets via le site de l&rsquo;organisateur ou aupr\u00e8s des points de vente habituels.\u00a0<\/p>\n<p><strong>Grand Auditorium &#8211; Placement num\u00e9rot\u00e9<\/strong>\n\t\t\t\t\t\t\t<\/p>\n","protected":false},"excerpt":{"rendered":"A la Cit\u00e9 des congr\u00e8s de Nantes,\u00a0Votre\u00a0billet de spectacle donne acc\u00e8s gratuitement aux transports en commun Naolib* 2&hellip;\n","protected":false},"author":2,"featured_media":361332,"comment_status":"","ping_status":"","sticky":false,"template":"","format":"standard","meta":{"footnotes":""},"categories":[2818],"tags":[1111,11,1777,674,1011,27,766,12,2636,25],"class_list":{"0":"post-361331","1":"post","2":"type-post","3":"status-publish","4":"format-standard","5":"has-post-thumbnail","7":"category-nantes","8":"tag-actu","9":"tag-actualites","10":"tag-eu","11":"tag-europe","12":"tag-fr","13":"tag-france","14":"tag-nantes","15":"tag-news","16":"tag-pays-de-la-loire","17":"tag-republique-francaise"},"share_on_mastodon":{"url":"https:\/\/pubeurope.com\/@fr\/115136027969683412","error":""},"_links":{"self":[{"href":"https:\/\/www.europesays.com\/fr\/wp-json\/wp\/v2\/posts\/361331","targetHints":{"allow":["GET"]}}],"collection":[{"href":"https:\/\/www.europesays.com\/fr\/wp-json\/wp\/v2\/posts"}],"about":[{"href":"https:\/\/www.europesays.com\/fr\/wp-json\/wp\/v2\/types\/post"}],"author":[{"embeddable":true,"href":"https:\/\/www.europesays.com\/fr\/wp-json\/wp\/v2\/users\/2"}],"replies":[{"embeddable":true,"href":"https:\/\/www.europesays.com\/fr\/wp-json\/wp\/v2\/comments?post=361331"}],"version-history":[{"count":0,"href":"https:\/\/www.europesays.com\/fr\/wp-json\/wp\/v2\/posts\/361331\/revisions"}],"wp:featuredmedia":[{"embeddable":true,"href":"https:\/\/www.europesays.com\/fr\/wp-json\/wp\/v2\/media\/361332"}],"wp:attachment":[{"href":"https:\/\/www.europesays.com\/fr\/wp-json\/wp\/v2\/media?parent=361331"}],"wp:term":[{"taxonomy":"category","embeddable":true,"href":"https:\/\/www.europesays.com\/fr\/wp-json\/wp\/v2\/categories?post=361331"},{"taxonomy":"post_tag","embeddable":true,"href":"https:\/\/www.europesays.com\/fr\/wp-json\/wp\/v2\/tags?post=361331"}],"curies":[{"name":"wp","href":"https:\/\/api.w.org\/{rel}","templated":true}]}}