{"id":361333,"date":"2025-09-02T18:05:26","date_gmt":"2025-09-02T18:05:26","guid":{"rendered":"https:\/\/www.europesays.com\/fr\/361333\/"},"modified":"2025-09-02T18:05:26","modified_gmt":"2025-09-02T18:05:26","slug":"attaque-au-couteau-dans-un-lycee-de-nantes-les-parents-de-lorene-veulent-rappeler-aux-politiques-que-la-sante-mentale-cest-prioritaire","status":"publish","type":"post","link":"https:\/\/www.europesays.com\/fr\/361333\/","title":{"rendered":"Attaque au couteau dans un lyc\u00e9e de Nantes\u00a0: les parents de Lor\u00e8ne veulent \u00ab\u00a0rappeler aux politiques que la sant\u00e9 mentale, c\u2019est prioritaire\u00a0\u00bb"},"content":{"rendered":"<p>\n                                                                    l&rsquo;essentiel<br \/>\n                                                                Quatre mois apr\u00e8s le meurtre de leur fille Lor\u00e8ne, 15 ans, au lyc\u00e9e Notre-Dame-de-Toutes-Aides de Nantes, ses parents annoncent la cr\u00e9ation d\u2019une association financ\u00e9e par des dons recueillis dans une cagnotte. Ils expliquent souhaiter faire la sant\u00e9 mentale des jeunes une priorit\u00e9.\n                            <\/p>\n<p>Leur fille avait \u00e9t\u00e9 mortellement poignard\u00e9e par un camarade dans un lyc\u00e9e de Nantes. Quatre mois plus tard, les parents de Lor\u00e8ne se sont exprim\u00e9s mardi 2\u00a0septembre pour notamment annoncer qu\u2019ils utiliseront les fonds collect\u00e9s sur une cagnotte pour des projets de pr\u00e9vention li\u00e9s \u00e0 la sant\u00e9 mentale des jeunes.\u00a0En cr\u00e9ant une association qui fera \u00ab\u00a0dialoguer toutes les g\u00e9n\u00e9rations\u00a0\u00bb pour d\u00e9cider quels projets seront financ\u00e9s avec les plus de 80\u00a0000\u00a0euros collect\u00e9s, les parents de la jeune fille souhaitent aussi \u00ab\u00a0rappeler aux politiques que la question de la sant\u00e9 mentale, c\u2019est prioritaire\u00a0\u00bb, ont-ils d\u00e9clar\u00e9 sur France Inter, pr\u00e9f\u00e9rant ne pas donner leur nom.<\/p>\n<p>Fin avril, Lor\u00e8ne, 15 ans, avait \u00e9t\u00e9 mortellement poignard\u00e9e et trois autres lyc\u00e9ens bless\u00e9s par un \u00e9l\u00e8ve de 16 ans, hospitalis\u00e9 par la suite en psychiatrie. \u00ab\u00a0Ce qu\u2019il s\u2019est pass\u00e9 n\u2019aurait pas d\u00fb se passer\u00a0\u00bb, a affirm\u00e9 la m\u00e8re de l\u2019adolescente. \u00ab\u00a0Des personnes qui ont des probl\u00e8mes, qui ont une sant\u00e9 mentale fragile, qui ont des maladies psychiques, \u00e7a existe depuis que l\u2019humain est l\u2019humain [\u2026] On est quand m\u00eame en 2025, et la psychologie a d\u00e9velopp\u00e9 tellement d\u2019outils. Et l\u00e0, on ne serait pas capable de les mettre en \u0153uvre, on n\u2019est pas capable de faire de la pr\u00e9vention pour emp\u00eacher \u00e7a. C\u2019est quand m\u00eame assez inqui\u00e9tant\u00a0\u00bb, a-t-elle poursuivi.<\/p>\n<p class=\"std-elt__inline\">\n        <strong>\u00c0 lire aussi :<\/strong><br \/>\n        <a href=\"https:\/\/www.ladepeche.fr\/2025\/04\/25\/attaque-au-couteau-a-nantes-qui-etait-lorene-la-lyceenne-tuee-dune-quarantaine-de-coups-de-couteau-12657831.php\" rel=\"nofollow noopener\" target=\"_blank\">Attaque au couteau \u00e0 Nantes\u00a0: qui \u00e9tait Lor\u00e8ne, la lyc\u00e9enne tu\u00e9e d\u2019une quarantaine de coups de couteau\u00a0?<\/a>\n    <\/p>\n<p>Ne \u00ab\u00a0pas construire une soci\u00e9t\u00e9 sur la suspicion envers les jeunes\u00a0\u00bb<\/p>\n<p>Quelques heures apr\u00e8s l\u2019attaque mortelle au lyc\u00e9e Notre-Dame-de-Toutes-Aides, le Premier ministre Fran\u00e7ois Bayrou avait estim\u00e9 que l\u2019installation de portiques \u00e0 l\u2019entr\u00e9e des \u00e9tablissements scolaires \u00e9tait \u00ab\u00a0une piste\u00a0\u00bb pour \u00e9viter de nouvelles attaques au couteau dans les \u00e9coles. Interrog\u00e9 sur cette hypoth\u00e8se, le p\u00e8re de Lor\u00e8ne a estim\u00e9 qu\u2019on ne pouvait \u00ab\u00a0pas construire une soci\u00e9t\u00e9 sur la suspicion envers les jeunes\u00a0\u00bb. \u00ab\u00a0Ce n\u2019est pas en les emp\u00eachant d\u2019agir que \u00e7a va fonctionner. Ils pourront toujours agresser ailleurs s\u2019ils ont envie d\u2019agresser. La question, c\u2019est pourquoi ils ont envie d\u2019agresser\u00a0? La question, c\u2019est pourquoi ils n\u2019ont pas trouv\u00e9 avant quelqu\u2019un qui peut les aider avant qu\u2019ils en arrivent l\u00e0\u00a0?\u00a0\u00bb, a poursuivi la m\u00e8re de la jeune fille.<\/p>\n<p>Les deux parents ont par ailleurs affirm\u00e9 qu\u2019ils ne s\u2019exprimeraient \u00ab\u00a0jamais sur l\u2019agresseur\u00a0\u00bb de leur fille. Quelques jours apr\u00e8s les faits, le procureur de la R\u00e9publique avait indiqu\u00e9 qu'\u00a0\u00bbaucun mobile\u00a0\u00bb ne pouvait \u00eatre \u00e9voqu\u00e9 de \u00ab\u00a0fa\u00e7on certaine\u00a0\u00bb.<\/p>\n","protected":false},"excerpt":{"rendered":"l&rsquo;essentiel Quatre mois apr\u00e8s le meurtre de leur fille Lor\u00e8ne, 15 ans, au lyc\u00e9e Notre-Dame-de-Toutes-Aides de Nantes, ses&hellip;\n","protected":false},"author":2,"featured_media":51519,"comment_status":"","ping_status":"","sticky":false,"template":"","format":"standard","meta":{"footnotes":""},"categories":[2818],"tags":[1111,11,1777,674,1011,27,766,12,2636,25],"class_list":{"0":"post-361333","1":"post","2":"type-post","3":"status-publish","4":"format-standard","5":"has-post-thumbnail","7":"category-nantes","8":"tag-actu","9":"tag-actualites","10":"tag-eu","11":"tag-europe","12":"tag-fr","13":"tag-france","14":"tag-nantes","15":"tag-news","16":"tag-pays-de-la-loire","17":"tag-republique-francaise"},"share_on_mastodon":{"url":"https:\/\/pubeurope.com\/@fr\/115136031898461370","error":""},"_links":{"self":[{"href":"https:\/\/www.europesays.com\/fr\/wp-json\/wp\/v2\/posts\/361333","targetHints":{"allow":["GET"]}}],"collection":[{"href":"https:\/\/www.europesays.com\/fr\/wp-json\/wp\/v2\/posts"}],"about":[{"href":"https:\/\/www.europesays.com\/fr\/wp-json\/wp\/v2\/types\/post"}],"author":[{"embeddable":true,"href":"https:\/\/www.europesays.com\/fr\/wp-json\/wp\/v2\/users\/2"}],"replies":[{"embeddable":true,"href":"https:\/\/www.europesays.com\/fr\/wp-json\/wp\/v2\/comments?post=361333"}],"version-history":[{"count":0,"href":"https:\/\/www.europesays.com\/fr\/wp-json\/wp\/v2\/posts\/361333\/revisions"}],"wp:featuredmedia":[{"embeddable":true,"href":"https:\/\/www.europesays.com\/fr\/wp-json\/wp\/v2\/media\/51519"}],"wp:attachment":[{"href":"https:\/\/www.europesays.com\/fr\/wp-json\/wp\/v2\/media?parent=361333"}],"wp:term":[{"taxonomy":"category","embeddable":true,"href":"https:\/\/www.europesays.com\/fr\/wp-json\/wp\/v2\/categories?post=361333"},{"taxonomy":"post_tag","embeddable":true,"href":"https:\/\/www.europesays.com\/fr\/wp-json\/wp\/v2\/tags?post=361333"}],"curies":[{"name":"wp","href":"https:\/\/api.w.org\/{rel}","templated":true}]}}