{"id":361336,"date":"2025-09-02T18:07:14","date_gmt":"2025-09-02T18:07:14","guid":{"rendered":"https:\/\/www.europesays.com\/fr\/361336\/"},"modified":"2025-09-02T18:07:14","modified_gmt":"2025-09-02T18:07:14","slug":"fanny-de-chaille-presente-la-nouvelle-saison-theatrale-du-tnba","status":"publish","type":"post","link":"https:\/\/www.europesays.com\/fr\/361336\/","title":{"rendered":"Fanny de Chaill\u00e9 pr\u00e9sente la nouvelle saison th\u00e9\u00e2trale du TNBA"},"content":{"rendered":"<p>        <img decoding=\"async\" id=\"23203880\" src=\"https:\/\/www.europesays.com\/fr\/wp-content\/uploads\/2025\/09\/20250210173052-lt3646.jpg\" alt=\"Fanny de Chaill\u00e9, directrice du Th\u00e9\u00e2tre national de Bordeaux Aquitaine.\" itemprop=\"contentURL\"\/><\/p>\n<p>    Fanny de Chaill\u00e9, directrice du Th\u00e9\u00e2tre national de Bordeaux Aquitaine.<\/p>\n<p>Laurent Theillet\/SO<\/p>\n<p>    1 Au c\u0153ur de la cr\u00e9ation<\/p>\n<p>        <img decoding=\"async\" id=\"25752549\" src=\"https:\/\/www.europesays.com\/fr\/wp-content\/uploads\/2025\/09\/03-le-sommet-de-christoph-marthaler-nora-rupp.jpg\" alt=\"Le TNBA accueille la cr\u00e9ation du Suisse Allemand Christoph Marthaler, \u00ab\u00a0Le Sommet\u00a0\u00bb.\" itemprop=\"contentURL\"\/><\/p>\n<p>    Le TNBA accueille la cr\u00e9ation du Suisse Allemand Christoph Marthaler, \u00ab\u00a0Le Sommet\u00a0\u00bb.<\/p>\n<p>Nora Rupp<\/p>\n<p>Cette \u00e9dition 25\/26 est largement tourn\u00e9e vers des \u0153uvres nouvelles, \u00ab\u00a0tout juste sorties de terre\u00a0\u00bb, souligne Fanny de Chaill\u00e9. Souvent d\u00e9coiffantes et corrosives, comme \u00ab\u00a0C\u00e9cile\u00a0\u00bb de C\u00e9cile Laporte, activiste et autrice, propuls\u00e9e sans filtre sur la sc\u00e8ne en conteuse de son parcours\u00a0; \u00ab\u00a0La Contrecl\u00e9\u00a0\u00bb de La Tierce, une chor\u00e9graphie \u00ab\u00a0prestidigitatrice\u00a0\u00bb, qui trouve sa source dans un po\u00e8me de Guillaume d\u2019Aquitaine\u00a0; ou le th\u00e9\u00e2tre de l\u2019absurde avec \u00ab\u00a0Sturbzep\u00a0\u00bb (compagnie Zerep), s\u2019attaquant aux canulars. Ancien de l\u2019\u00e9cole du TNBA, Yacine Sif El Islam, apr\u00e8s sa prestation remarqu\u00e9e \u00e0 Avignon, pr\u00e9sente son \u00ab\u00a0Sp\u00e9cimen\u00a0\u00bb, une trilogie auto fictionnelle. Fanny de Chaill\u00e9 s\u2019attaque aux \u00ab\u00a0Ultra-sensibles\u00a0\u00bb autour du rapport sensible des jeunes g\u00e9n\u00e9rations \u00e0 l\u2019histoire. Le \u00ab\u00a0r\u00eave\u00a0\u00bb de sa vie\u00a0prend forme\u00a0: produire et accueillir \u00ab\u00a0Le Sommet\u00a0\u00bb du Suisse Allemand Christoph Marthaler\u00a0: \u00ab\u00a0un spectacle \u00e0 l\u2019humour mordant\u00a0\u00bb.<\/p>\n<p>2 Les figures de proue de la saison<\/p>\n<p>        <img decoding=\"async\" id=\"25752632\" src=\"https:\/\/www.europesays.com\/fr\/wp-content\/uploads\/2025\/09\/rosas-il-cimento-dell-armonia-e-dell-inventione-anne-van-aerschot-14.jpg\" alt=\"Anne Teresa De\u00a0Keersmaeker et Radouan Mriziga explorent Les Quatre Saisons d\u2019Antonio Vivaldi avec \u00ab\u00a0Il Cimento dell\u2019Armonia e de l\u2019Inventione\u00a0\u00bb.\" itemprop=\"contentURL\"\/><\/p>\n<p>    Anne Teresa De\u00a0Keersmaeker et Radouan Mriziga explorent Les Quatre Saisons d\u2019Antonio Vivaldi avec \u00ab\u00a0Il Cimento dell\u2019Armonia e de l\u2019Inventione\u00a0\u00bb.<\/p>\n<p>Anne Van Aerschot<\/p>\n<p>Gis\u00e8le Vienne revient avec \u00ab\u00a0L\u2019\u00c9tang\u00a0\u00bb, d\u2019apr\u00e8s Robert Walzer, r\u00e9unissant Ad\u00e8le Haenel et Julie Shanahan\u00a0: \u00ab\u00a0Une sc\u00e9nographie l\u00e9ch\u00e9e, un fort rapport au son, un th\u00e9\u00e2tre visuel\u00a0\u00bb, souligne Fanny de Chaill\u00e9. Anne Teresa De\u00a0Keersmaeker et Radouan Mriziga explorent \u00ab\u00a0Les Quatre Saisons\u00a0\u00bb d\u2019Antonio Vivaldi avec \u00ab\u00a0Il Cimento dell\u2019Armonia e de l\u2019Inventione\u00a0\u00bb. \u00ab\u00a0Reconstitution\u00a0: le proc\u00e8s de Bobigny\u00a0\u00bb, d\u2019\u00c9milie Rousset et Maya Boquet s\u2019empare d\u2019un \u00e9v\u00e9nement historique\u00a0: le proc\u00e8s, tenu en 1972, de Marie-Claire Chevalier et de sa m\u00e8re pour l\u2019avortement de la jeune fille suite \u00e0 un viol. On verra \u00e9galement Marcial Di Fonzo Bo, Sammar Haddad King, C\u00e9leste Germe et Das Plateau, Sara Forever\u2026<\/p>\n<p>3 Transmettre et partager<\/p>\n<p>Trois nouveaux rendez-vous compl\u00e8tent cette saison\u00a0: \u00ab\u00a0Salle des tr\u00e9sors\u00a0\u00bb, en partenariat avec <a href=\"https:\/\/aoc.media\/\" target=\"_blank\" rel=\"nofollow noopener\">la revue \u00ab\u00a0AOC\u00a0\u00bb<\/a> et Sylvain Bourmeau, son fondateur et directeur. Trois artistes (Rebecca Chaillon, Mohamed El Khatib et Fanny de Chaill\u00e9) pr\u00e9senteront tour \u00e0 tour 10 \u0153uvres de leur \u00ab\u00a0panth\u00e9on personnel\u00a0\u00bb, offrant un portrait intime \u00e0 travers les artistes qui les inspirent. \u00ab\u00a0Le Th\u00e9\u00e2tre des id\u00e9es\u00a0\u00bb\u00a0: une semaine en juin d\u00e9di\u00e9e \u00e0 la communaut\u00e9 artistique locale. Enfin, en raison de travaux au Centre national de la danse (CND) \u00e0 Paris, le <a href=\"https:\/\/www.tnba.org\/\" target=\"_blank\" rel=\"nofollow noopener\">TNBA<\/a> accueillera le festival international Camping, qui rassemble des centaines d\u2019\u00e9tudiants en art du monde entier.<\/p>\n","protected":false},"excerpt":{"rendered":"Fanny de Chaill\u00e9, directrice du Th\u00e9\u00e2tre national de Bordeaux Aquitaine. Laurent Theillet\/SO 1 Au c\u0153ur de la cr\u00e9ation&hellip;\n","protected":false},"author":2,"featured_media":361337,"comment_status":"","ping_status":"","sticky":false,"template":"","format":"standard","meta":{"footnotes":""},"categories":[2817],"tags":[1111,11,1997,1777,674,1011,27,12,2219,25],"class_list":{"0":"post-361336","1":"post","2":"type-post","3":"status-publish","4":"format-standard","5":"has-post-thumbnail","7":"category-bordeaux","8":"tag-actu","9":"tag-actualites","10":"tag-bordeaux","11":"tag-eu","12":"tag-europe","13":"tag-fr","14":"tag-france","15":"tag-news","16":"tag-nouvelle-aquitaine","17":"tag-republique-francaise"},"share_on_mastodon":{"url":"https:\/\/pubeurope.com\/@fr\/115136040275162757","error":""},"_links":{"self":[{"href":"https:\/\/www.europesays.com\/fr\/wp-json\/wp\/v2\/posts\/361336","targetHints":{"allow":["GET"]}}],"collection":[{"href":"https:\/\/www.europesays.com\/fr\/wp-json\/wp\/v2\/posts"}],"about":[{"href":"https:\/\/www.europesays.com\/fr\/wp-json\/wp\/v2\/types\/post"}],"author":[{"embeddable":true,"href":"https:\/\/www.europesays.com\/fr\/wp-json\/wp\/v2\/users\/2"}],"replies":[{"embeddable":true,"href":"https:\/\/www.europesays.com\/fr\/wp-json\/wp\/v2\/comments?post=361336"}],"version-history":[{"count":0,"href":"https:\/\/www.europesays.com\/fr\/wp-json\/wp\/v2\/posts\/361336\/revisions"}],"wp:featuredmedia":[{"embeddable":true,"href":"https:\/\/www.europesays.com\/fr\/wp-json\/wp\/v2\/media\/361337"}],"wp:attachment":[{"href":"https:\/\/www.europesays.com\/fr\/wp-json\/wp\/v2\/media?parent=361336"}],"wp:term":[{"taxonomy":"category","embeddable":true,"href":"https:\/\/www.europesays.com\/fr\/wp-json\/wp\/v2\/categories?post=361336"},{"taxonomy":"post_tag","embeddable":true,"href":"https:\/\/www.europesays.com\/fr\/wp-json\/wp\/v2\/tags?post=361336"}],"curies":[{"name":"wp","href":"https:\/\/api.w.org\/{rel}","templated":true}]}}