{"id":361338,"date":"2025-09-02T18:08:10","date_gmt":"2025-09-02T18:08:10","guid":{"rendered":"https:\/\/www.europesays.com\/fr\/361338\/"},"modified":"2025-09-02T18:08:10","modified_gmt":"2025-09-02T18:08:10","slug":"certains-troncons-du-peripherique-de-toulouse-vont-etre-fermes-dans-la-semaine-voici-lesquels","status":"publish","type":"post","link":"https:\/\/www.europesays.com\/fr\/361338\/","title":{"rendered":"Certains tron\u00e7ons du p\u00e9riph\u00e9rique de Toulouse vont \u00eatre ferm\u00e9s dans la semaine : voici lesquels"},"content":{"rendered":"<p>            Par<br \/>\n        <strong><br \/>\n            <a href=\"https:\/\/actu.fr\/auteur\/david-saint-sernin\" title=\"Consulter tous les articles de David Saint-Sernin\" target=\"_blank\" rel=\"noopener\">David Saint-Sernin<\/a><br \/>\n        <\/strong><\/p>\n<p>        Publi\u00e9 le<\/p>\n<p>            2 sept. 2025 \u00e0 19h51        <\/p>\n<p>Ces prochaines nuits, certains tron\u00e7ons du<a href=\"https:\/\/actu.fr\/tag\/peripherique-de-toulouse\" target=\"_blank\" rel=\"noopener\"> p\u00e9riph\u00e9rique de Toulouse<\/a> vont \u00eatre ferm\u00e9s \u00e0 la circulation.<\/p>\n<p class=\" wall-content\">Ce mardi 2\u00a0septembre 2025, la pr\u00e9fecture de Haute-Garonne annonce quand ces travaux vont intervenir et quels tron\u00e7ons vont \u00eatre concern\u00e9s.<\/p>\n<p>Deux fermetures du p\u00e9riph\u00e9rique annonc\u00e9es<\/p>\n<p class=\" wall-content\">Dans la nuit du 3 au 4\u00a0septembre, le p\u00e9riph\u00e9rique ext\u00e9rieur sera ferm\u00e9 entre les \u00e9changeurs de Purpan et Bordelongue pour des travaux d\u2019entretien.<\/p>\n<p class=\" wall-content\">Dans la nuit du 4 au 5\u00a0septembre, le p\u00e9riph\u00e9rique int\u00e9rieur sera ferm\u00e9 entre les \u00e9changeurs de Bordelongue et Purpan pour les m\u00eames travaux d\u2019entretien.<\/p>\n<p>Des d\u00e9viations mises en place<\/p>\n<p class=\" wall-content\">\u00ab\u2009Ces fermetures seront annonc\u00e9es la veille sur les panneaux\u00a0\u00e0 messages variables. Les itin\u00e9raires de d\u00e9viation seront jalonn\u00e9s pour que les usagers puissent poursuivre leur trajet\u2009\u00bb, indique la pr\u00e9fecture.<\/p>\n<p class=\" wall-content\">Des d\u00e9viations seront mises en place.<\/p>\n<p class=\" wall-content\">Personnalisez votre actualit\u00e9 en ajoutant vos villes et m\u00e9dias en favori avec <a href=\"https:\/\/moncompte.actu.fr\" title=\"D\u00e9couvez Mon Actu\" rel=\"nofollow noopener\" data-trk=\"{&quot;cta&quot;:{&quot;action&quot;:&quot;https:\\\/\\\/moncompte.actu.fr&quot;,&quot;category&quot;:&quot;mon compte&quot;,&quot;from&quot;:&quot;article footer&quot;,&quot;name&quot;:&quot;Mon actu&quot;,&quot;type&quot;:&quot;cta&quot;}}\" target=\"_blank\">Mon Actu<\/a>.<\/p>\n","protected":false},"excerpt":{"rendered":"Par David Saint-Sernin Publi\u00e9 le 2 sept. 2025 \u00e0 19h51 Ces prochaines nuits, certains tron\u00e7ons du p\u00e9riph\u00e9rique de&hellip;\n","protected":false},"author":2,"featured_media":361339,"comment_status":"","ping_status":"","sticky":false,"template":"","format":"standard","meta":{"footnotes":""},"categories":[2816],"tags":[1111,11,1777,674,1011,27,12,2680,4800,25,104,2312],"class_list":{"0":"post-361338","1":"post","2":"type-post","3":"status-publish","4":"format-standard","5":"has-post-thumbnail","7":"category-toulouse","8":"tag-actu","9":"tag-actualites","10":"tag-eu","11":"tag-europe","12":"tag-fr","13":"tag-france","14":"tag-news","15":"tag-occitanie","16":"tag-peripherique-de-toulouse","17":"tag-republique-francaise","18":"tag-societe","19":"tag-toulouse"},"share_on_mastodon":{"url":"https:\/\/pubeurope.com\/@fr\/115136043715050595","error":""},"_links":{"self":[{"href":"https:\/\/www.europesays.com\/fr\/wp-json\/wp\/v2\/posts\/361338","targetHints":{"allow":["GET"]}}],"collection":[{"href":"https:\/\/www.europesays.com\/fr\/wp-json\/wp\/v2\/posts"}],"about":[{"href":"https:\/\/www.europesays.com\/fr\/wp-json\/wp\/v2\/types\/post"}],"author":[{"embeddable":true,"href":"https:\/\/www.europesays.com\/fr\/wp-json\/wp\/v2\/users\/2"}],"replies":[{"embeddable":true,"href":"https:\/\/www.europesays.com\/fr\/wp-json\/wp\/v2\/comments?post=361338"}],"version-history":[{"count":0,"href":"https:\/\/www.europesays.com\/fr\/wp-json\/wp\/v2\/posts\/361338\/revisions"}],"wp:featuredmedia":[{"embeddable":true,"href":"https:\/\/www.europesays.com\/fr\/wp-json\/wp\/v2\/media\/361339"}],"wp:attachment":[{"href":"https:\/\/www.europesays.com\/fr\/wp-json\/wp\/v2\/media?parent=361338"}],"wp:term":[{"taxonomy":"category","embeddable":true,"href":"https:\/\/www.europesays.com\/fr\/wp-json\/wp\/v2\/categories?post=361338"},{"taxonomy":"post_tag","embeddable":true,"href":"https:\/\/www.europesays.com\/fr\/wp-json\/wp\/v2\/tags?post=361338"}],"curies":[{"name":"wp","href":"https:\/\/api.w.org\/{rel}","templated":true}]}}