{"id":361340,"date":"2025-09-02T18:09:11","date_gmt":"2025-09-02T18:09:11","guid":{"rendered":"https:\/\/www.europesays.com\/fr\/361340\/"},"modified":"2025-09-02T18:09:11","modified_gmt":"2025-09-02T18:09:11","slug":"entretien-tfc-la-vente-record-de-canvot-a-permis-au-tfc-de-se-proteger-estime-lancien-joueur-julien-cardy-qui-decrypte-le-mercato-toulousain","status":"publish","type":"post","link":"https:\/\/www.europesays.com\/fr\/361340\/","title":{"rendered":"ENTRETIEN. TFC\u00a0: \u00ab\u00a0La vente record de Canvot a permis au TFC de se prot\u00e9ger\u00a0\u00bb estime l\u2019ancien joueur Julien Cardy, qui d\u00e9crypte le mercato toulousain"},"content":{"rendered":"<p>\n                                                                    l&rsquo;essentiel<br \/>\n                                                                Apr\u00e8s une derni\u00e8re journ\u00e9e de mercato assez calme lundi, le TFC a boucl\u00e9 son \u00e9t\u00e9 avec cinq recrues et sans perdre de joueur majeur. La vente historique de Jaydee Canvot a donn\u00e9 une marge de man\u0153uvre au club, d\u00e9crypte son ancien milieu de terrain Julien Cardy, qui dresse le bilan de cette p\u00e9riode de transferts.\n                            <\/p>\n<p class=\"txt-question\">Quel est votre regard sur les cinq recrues toulousaines\u00a0?<\/p>\n<p>Ce sont des joueurs assez m\u00e9connus, mais on commence \u00e0 en avoir l\u2019habitude depuis plusieurs ann\u00e9es, et le constat, c\u2019est que le TFC a souvent fait bonne pioche. Il est encore t\u00f4t pour juger. Mais les cinq recrues sont tr\u00e8s jeunes, et plusieurs cadres joueurs exp\u00e9riment\u00e9s sont partis\u00a0: Sierro, Suazo, Aboukhlal, King\u2026 Cela fait des manques, notamment au niveau offensif, o\u00f9 l\u2019on peut penser que c\u2019est assez l\u00e9ger. Pour l\u2019instant, Frank Magri a prouv\u00e9 qu\u2019il avait sa place, il a marqu\u00e9 un doubl\u00e9 contre Brest. L\u00e0 encore, il faudra voir s\u2019il saisit sa chance. J\u2019attends de voir ce que donne Hidalgo. De ce qu\u2019on a vu, il a cette niaque, la grinta argentine. Je pense que les supporters vont adh\u00e9rer \u00e0 ce type d\u2019attaquant.<\/p>\n<p class=\"std-elt__inline\">\n        <strong>\u00c0 lire aussi :<\/strong><br \/>\n        <a href=\"https:\/\/www.ladepeche.fr\/2025\/09\/01\/mercato-tfc-beaucoup-de-bruit-mais-peu-de-mouvement-recit-de-la-derniere-journee-de-mercato-ou-toulouse-a-reussi-a-conserver-ses-cadres-12904982.php\" rel=\"nofollow noopener\" target=\"_blank\">MERCATO TFC. Beaucoup de bruit mais peu de mouvement\u2026 R\u00e9cit de la derni\u00e8re journ\u00e9e des transferts, o\u00f9 Toulouse a r\u00e9ussi \u00e0 conserver ses cadres<\/a>\n    <\/p>\n<p>Vignolo est encore plus jeune (18 ans), je pense qu\u2019il vient en compl\u00e9ment. Au milieu, Sierro est parti. Il ne faisait pas l\u2019unanimit\u00e9, mais c\u2019\u00e9tait le capitaine, un joueur influent quoi qu\u2019on en dise. Il reste Casseres, qui pour moi est l\u2019homme fort de l\u2019effectif. On a encore peu de recul sur Mario Sauer, un jeune joueur, au d\u00e9but de sa carri\u00e8re. On voit qu\u2019il a du ballon, qu\u2019il est dans l\u2019esprit, mais qu\u2019il doit encore s\u2019aguerrir. On m\u2019a dit beaucoup de bien d\u2019Abu Francis, un joueur tr\u00e8s dynamique, tr\u00e8s agressif, qui adore gratter des ballons.<\/p>\n<p class=\"txt-question\">Est-ce que l\u2019effectif vous semble assez fourni quantitativement\u00a0? Il y a eu beaucoup de recrues en attaque, mais aucune en d\u00e9fense, par exemple.<\/p>\n<p>On pouvait se dire que le d\u00e9part de Suazo, qui est quand m\u00eame international, serait compens\u00e9. Mais quand on voit les performances de Dayann Methalie\u2026 J\u2019esp\u00e8re qu\u2019il va rester dans cette forme-l\u00e0 et qu\u2019il va saisir sa chance. Parce que ce qu\u2019il a montr\u00e9 jusqu\u2019ici, c\u2019est tr\u00e8s prometteur. C\u2019est aussi un joueur qui peut jouer dans l\u2019axe, il couvre plusieurs postes.<\/p>\n<p class=\"std-elt__inline\">\n        <strong>\u00c0 lire aussi :<\/strong><br \/>\n        <a href=\"https:\/\/www.ladepeche.fr\/2025\/09\/01\/mercato-tfc-west-ham-fait-le-forcing-pour-cresswell-toulouse-resiste-12904651.php\" rel=\"nofollow noopener\" target=\"_blank\">MERCATO TFC\u00a0: West Ham fait le forcing pour Cresswell, Toulouse r\u00e9siste<\/a>\n    <\/p>\n<p>Ensuite, je pense que cela fait partie de la politique du club de s\u2019appuyer sur un effectif qui n\u2019est pas pl\u00e9thorique. \u00c7a peut \u00eatre \u00e0 double tranchant, en permettant aux joueurs qui en font partie de sentir qu\u2019ils ont leur place, qu\u2019ils ont un r\u00f4le \u00e0 jouer, mais il faut esp\u00e9rer qu\u2019il n\u2019y ait pas trop de p\u00e9pins physiques au niveau des plus suivants. L\u2019aspect financier entre aussi en ligne de compte. Avec les ventes qui ont \u00e9t\u00e9 faites, le club doit \u00eatre relativement serein par rapport aux droits TV.<\/p>\n<p class=\"txt-question\">La bonne nouvelle du mercato, c\u2019est surtout que le TFC a r\u00e9ussi \u00e0 conserver ses cadres\u00a0?<\/p>\n<p>La vente record de Jaydee Canvot a vraisemblablement permis au club de se prot\u00e9ger et de ne pas l\u00e2cher d\u2019autres joueurs majeurs, comme Cresswell, Restes, Gboho\u2026 Je pense que Carles Martinez Novell a souffl\u00e9 lundi soir. Il a une ossature sur laquelle s\u2019appuyer\u00a0; il y a eu du mouvement, mais pas de chamboulement massif.<\/p>\n<p class=\"std-elt__inline\">\n        <strong>\u00c0 lire aussi :<\/strong><br \/>\n        <a href=\"https:\/\/www.ladepeche.fr\/2025\/09\/01\/mercato-tfc-cest-officiel-pour-emersonn-correia-nouvel-attaquant-bresilien-de-toulouse-12904504.php\" rel=\"nofollow noopener\" target=\"_blank\">MERCATO TFC\u00a0: c\u2019est officiel pour Emersonn Correia, nouvel attaquant br\u00e9silien de Toulouse<\/a>\n    <\/p>\n<p class=\"txt-question\">Le fait de conserver cette ossature va-t-il lui permettre, selon vous, d\u2019initier une progression dans cette \u00e9quipe\u00a0?<\/p>\n<p>Il conserve effectivement une colonne vert\u00e9brale importante. On n\u2019a pas encore mentionn\u00e9 Nicolaisen, qui est tr\u00e8s important dans le vestiaire. Et oui, c\u2019est toujours mieux d\u2019avoir de la continuit\u00e9 dans un club. C\u2019est ce qui est le plus rare et le plus compliqu\u00e9 \u00e0 obtenir. Quoi qu\u2019il en soit, tu es forc\u00e9ment d\u00e9pendant des r\u00e9sultats, et la chose la plus pr\u00e9cieuse, c\u2019est d\u2019avoir du temps. Sauf qu\u2019en football, tu en as rarement. Ce qui est int\u00e9ressant au TFC, c\u2019est qu\u2019on a un entra\u00eeneur qui entame sa troisi\u00e8me saison, qui a d\u00fb faire face \u00e0 beaucoup de changements lors de sa premi\u00e8re ann\u00e9e sur le banc et qui a pris le temps de tout mettre en place, avec des id\u00e9es tr\u00e8s int\u00e9ressantes au niveau du jeu.<\/p>\n<p class=\"std-elt__inline\">\n        <strong>\u00c0 lire aussi :<\/strong><br \/>\n        <a href=\"https:\/\/www.ladepeche.fr\/2025\/08\/31\/mercato-tfc-julian-carranza-lattaquant-argentin-du-feyenoord-ne-signera-pas-a-toulouse-12903052.php\" rel=\"nofollow noopener\" target=\"_blank\">MERCATO TFC\u00a0: Julian Carranza, l\u2019attaquant argentin du Feyenoord, ne signera pas \u00e0 Toulouse<\/a>\n    <\/p>\n<p>Il y a de la continuit\u00e9, mais d\u2019un autre c\u00f4t\u00e9, le club fonctionne en faisant venir des inconnus pour les revendre plus cher\u00a0; c\u2019est ce qui fait vivre le club, le p\u00e9rennise, mais cela rend le palier entre la dixi\u00e8me place et les places europ\u00e9ennes difficile \u00e0 passer. Il faudra voir ce qu\u2019am\u00e8ne Olivier Cloarec qui, je pense, n\u2019est pas quelqu\u2019un qui va tout changer, parce qu\u2019il y a de tr\u00e8s belles choses qui avaient \u00e9t\u00e9 mises en place par Damien Comolli, mais qui peut peut-\u00eatre amener quelque chose en plus et permettre au club d\u2019\u00eatre plus comp\u00e9titif.<\/p>\n","protected":false},"excerpt":{"rendered":"l&rsquo;essentiel Apr\u00e8s une derni\u00e8re journ\u00e9e de mercato assez calme lundi, le TFC a boucl\u00e9 son \u00e9t\u00e9 avec cinq&hellip;\n","protected":false},"author":2,"featured_media":361341,"comment_status":"","ping_status":"","sticky":false,"template":"","format":"standard","meta":{"footnotes":""},"categories":[2816],"tags":[1111,11,1777,674,1011,27,12,2680,25,2312],"class_list":{"0":"post-361340","1":"post","2":"type-post","3":"status-publish","4":"format-standard","5":"has-post-thumbnail","7":"category-toulouse","8":"tag-actu","9":"tag-actualites","10":"tag-eu","11":"tag-europe","12":"tag-fr","13":"tag-france","14":"tag-news","15":"tag-occitanie","16":"tag-republique-francaise","17":"tag-toulouse"},"share_on_mastodon":{"url":"https:\/\/pubeurope.com\/@fr\/115136047519101497","error":""},"_links":{"self":[{"href":"https:\/\/www.europesays.com\/fr\/wp-json\/wp\/v2\/posts\/361340","targetHints":{"allow":["GET"]}}],"collection":[{"href":"https:\/\/www.europesays.com\/fr\/wp-json\/wp\/v2\/posts"}],"about":[{"href":"https:\/\/www.europesays.com\/fr\/wp-json\/wp\/v2\/types\/post"}],"author":[{"embeddable":true,"href":"https:\/\/www.europesays.com\/fr\/wp-json\/wp\/v2\/users\/2"}],"replies":[{"embeddable":true,"href":"https:\/\/www.europesays.com\/fr\/wp-json\/wp\/v2\/comments?post=361340"}],"version-history":[{"count":0,"href":"https:\/\/www.europesays.com\/fr\/wp-json\/wp\/v2\/posts\/361340\/revisions"}],"wp:featuredmedia":[{"embeddable":true,"href":"https:\/\/www.europesays.com\/fr\/wp-json\/wp\/v2\/media\/361341"}],"wp:attachment":[{"href":"https:\/\/www.europesays.com\/fr\/wp-json\/wp\/v2\/media?parent=361340"}],"wp:term":[{"taxonomy":"category","embeddable":true,"href":"https:\/\/www.europesays.com\/fr\/wp-json\/wp\/v2\/categories?post=361340"},{"taxonomy":"post_tag","embeddable":true,"href":"https:\/\/www.europesays.com\/fr\/wp-json\/wp\/v2\/tags?post=361340"}],"curies":[{"name":"wp","href":"https:\/\/api.w.org\/{rel}","templated":true}]}}