{"id":361342,"date":"2025-09-02T18:11:14","date_gmt":"2025-09-02T18:11:14","guid":{"rendered":"https:\/\/www.europesays.com\/fr\/361342\/"},"modified":"2025-09-02T18:11:14","modified_gmt":"2025-09-02T18:11:14","slug":"les-fournitures-deviennent-aussi-gratuites","status":"publish","type":"post","link":"https:\/\/www.europesays.com\/fr\/361342\/","title":{"rendered":"les fournitures deviennent aussi gratuites"},"content":{"rendered":"<p>            Par<br \/>\n        <strong><br \/>\n            <a href=\"https:\/\/actu.fr\/auteur\/annesophie-2\" title=\"Consulter tous les articles de Anne-Sophie Hourdeaux\" target=\"_blank\" rel=\"noopener\">Anne-Sophie Hourdeaux<\/a><br \/>\n        <\/strong><\/p>\n<p>        Publi\u00e9 le<\/p>\n<p>            2 sept. 2025 \u00e0 19h26        <\/p>\n<p>Il l\u2019avait promis \u00e0 la derni\u00e8re rentr\u00e9e\u2009: <b>les fournitures scolaires<\/b> seraient aussi <b>gratuites<\/b> dans les<b> \u00e9coles catholiques de Lille<\/b>. L\u2019Enseignement catholique tient parole\u2009: quasiment toutes les \u00e9coles qui d\u00e9pendent de lui ont mis en place <b>la gratuit\u00e9 des fournitures pour tous leurs \u00e9l\u00e8ves, m\u00eame les non Lillois<\/b>, en cette rentr\u00e9e 2025.<b> Une seule \u00e9cole fait exception, mais elle a de bonnes raisons.<\/b><\/p>\n<p>80 \u00e9coles publiques<\/p>\n<p class=\" wall-content\">C\u2019\u00e9tait une demande de la mairie de Lille\u2009: que tous les \u00e9coliers, y compris du priv\u00e9, aient les fournitures scolaires gratuites. Depuis 2021, les \u00e9coliers des 80 \u00e9tablissements primaires de Lille avaient cette chance. Mais pas ceux de l\u2019Enseignement catholique.<\/p>\n<p class=\" wall-content\">Or, la mairie verse aux \u00e9coles catholiques ce qu\u2019on appelle le \u00ab\u2009forfait communal\u2009\u00bb pour les \u00e9l\u00e8ves r\u00e9sidant \u00e0 Lille. Elle attendait que, de ce fait, les \u00e9coles catholiques r\u00e9percutent la gratuit\u00e9 sur leurs \u00e9l\u00e8ves. \u00ab\u2009Cela n\u2019\u00e9tait le cas que pour 3 \u00e9coles priv\u00e9es \u00e0 la rentr\u00e9e 2024\u2009\u00bb signale Thierry Platteau, directeur dioc\u00e9sain adjoint.<\/p>\n<p class=\" wall-content\">Mais cette rentr\u00e9e, bonne nouvelle\u2009! Quasiment toutes les \u00e9coles catholiques de Lille, au nombre de 18 \u00e0 Lille, et 31 en comptant Fives, Lomme et Hellemmes, ont accept\u00e9 cette gratuit\u00e9 des fournitures.<\/p>\n<p class=\" wall-content\">\u00ab\u2009On a eu un rendez-vous avec Charlotte Brun, adjointe au maire de Lille en juin 2025, et on s\u2019est engag\u00e9\u2009\u00bb signale Olivier Deltour, directeur de l\u2019Enseignement catholique pour le dioc\u00e8se de Lille. Ce dioc\u00e8se est le premier de France en nombre d\u2019effectif scolaire dans les \u00e9coles (105\u2009000 \u00e9l\u00e8ves en maternelle et primaire).<\/p>\n<p>Sur 18 \u00e9coles, une seule ne joue pas le jeu, mais elle a une bonne raison<\/p>\n<p class=\" wall-content\">Sur les 18 \u00e9coles lilloises catholiques, seule une n\u2019a pas jou\u00e9 le jeu. Nous ne saurons pas laquelle. Mais ce n\u2019est pas une question de mauvaise volont\u00e9 de sa part\u2009: \u00ab\u2009En fait, la difficult\u00e9 vient du fait que le forfait vers\u00e9 par la mairie de Lille ne correspond qu\u2019aux \u00e9l\u00e8ves r\u00e9sidant \u00e0 Lille. Or, parmi nos \u00e9coliers, un certain nombre selon les \u00e9tablissements est non-lillois. Par exemple, l\u2019\u00e9cole qui n\u2019a pas pu faire les fournitures scolaires gratuites en cette rentr\u00e9e, c\u2019est 65\u2009% de non Lillois\u2009! Impossible pour elle de r\u00e9percuter la gratuit\u00e9 cette ann\u00e9e\u2009\u00bb pr\u00e9cise le directeur dioc\u00e9sain adjoint.<\/p>\n<p>Votre r\u00e9gion, votre actu !<\/p>\n<p>Recevez chaque jour les infos qui comptent pour vous.<\/p>\n<p>\t<a href=\"https:\/\/actu.fr\/newsletter\" class=\"ac-btn ac-btn--corner ac-btn--medium ac-btn--blue800\" target=\"_blank\" rel=\"noopener\">S&rsquo;incrire<\/a><\/p>\n<p class=\" wall-content\">Mais ce n\u2019est que partie remise\u2009! \u00ab\u2009On esp\u00e8re r\u00e9gler tr\u00e8s vite ce probl\u00e8me, ce n\u2019est que partie remise\u2009\u00bb nous signale-t-on.<\/p>\n<p class=\" wall-content\">Personnalisez votre actualit\u00e9 en ajoutant vos villes et m\u00e9dias en favori avec <a href=\"https:\/\/moncompte.actu.fr\" title=\"D\u00e9couvez Mon Actu\" rel=\"nofollow noopener\" data-trk=\"{&quot;cta&quot;:{&quot;action&quot;:&quot;https:\\\/\\\/moncompte.actu.fr&quot;,&quot;category&quot;:&quot;mon compte&quot;,&quot;from&quot;:&quot;article footer&quot;,&quot;name&quot;:&quot;Mon actu&quot;,&quot;type&quot;:&quot;cta&quot;}}\" target=\"_blank\">Mon Actu<\/a>.<\/p>\n","protected":false},"excerpt":{"rendered":"Par Anne-Sophie Hourdeaux Publi\u00e9 le 2 sept. 2025 \u00e0 19h26 Il l\u2019avait promis \u00e0 la derni\u00e8re rentr\u00e9e\u2009: les&hellip;\n","protected":false},"author":2,"featured_media":361343,"comment_status":"","ping_status":"","sticky":false,"template":"","format":"standard","meta":{"footnotes":""},"categories":[2815],"tags":[1111,11,4019,1777,674,1011,27,811,1307,12,25,104],"class_list":{"0":"post-361342","1":"post","2":"type-post","3":"status-publish","4":"format-standard","5":"has-post-thumbnail","7":"category-lille","8":"tag-actu","9":"tag-actualites","10":"tag-ecoles","11":"tag-eu","12":"tag-europe","13":"tag-fr","14":"tag-france","15":"tag-hauts-de-france","16":"tag-lille","17":"tag-news","18":"tag-republique-francaise","19":"tag-societe"},"share_on_mastodon":{"url":"https:\/\/pubeurope.com\/@fr\/115136055540461716","error":""},"_links":{"self":[{"href":"https:\/\/www.europesays.com\/fr\/wp-json\/wp\/v2\/posts\/361342","targetHints":{"allow":["GET"]}}],"collection":[{"href":"https:\/\/www.europesays.com\/fr\/wp-json\/wp\/v2\/posts"}],"about":[{"href":"https:\/\/www.europesays.com\/fr\/wp-json\/wp\/v2\/types\/post"}],"author":[{"embeddable":true,"href":"https:\/\/www.europesays.com\/fr\/wp-json\/wp\/v2\/users\/2"}],"replies":[{"embeddable":true,"href":"https:\/\/www.europesays.com\/fr\/wp-json\/wp\/v2\/comments?post=361342"}],"version-history":[{"count":0,"href":"https:\/\/www.europesays.com\/fr\/wp-json\/wp\/v2\/posts\/361342\/revisions"}],"wp:featuredmedia":[{"embeddable":true,"href":"https:\/\/www.europesays.com\/fr\/wp-json\/wp\/v2\/media\/361343"}],"wp:attachment":[{"href":"https:\/\/www.europesays.com\/fr\/wp-json\/wp\/v2\/media?parent=361342"}],"wp:term":[{"taxonomy":"category","embeddable":true,"href":"https:\/\/www.europesays.com\/fr\/wp-json\/wp\/v2\/categories?post=361342"},{"taxonomy":"post_tag","embeddable":true,"href":"https:\/\/www.europesays.com\/fr\/wp-json\/wp\/v2\/tags?post=361342"}],"curies":[{"name":"wp","href":"https:\/\/api.w.org\/{rel}","templated":true}]}}