{"id":361344,"date":"2025-09-02T18:12:17","date_gmt":"2025-09-02T18:12:17","guid":{"rendered":"https:\/\/www.europesays.com\/fr\/361344\/"},"modified":"2025-09-02T18:12:17","modified_gmt":"2025-09-02T18:12:17","slug":"benoit-payan-fait-sa-rentree-scolaire-a-lecole-des-chartreux","status":"publish","type":"post","link":"https:\/\/www.europesays.com\/fr\/361344\/","title":{"rendered":"Beno\u00eet Payan fait sa rentr\u00e9e scolaire \u00e0 l\u2019\u00e9cole des Chartreux"},"content":{"rendered":"<p>\u00ab\u00a0Ils ont\u00a0repeint la fa\u00e7ade de l\u2019\u00e9cole, c\u2019est beaucoup plus joli, s\u2019extasie Meson, en CM2, d\u00e9l\u00e9gu\u00e9\u00a0depuis deux ans. Il y a de grosses am\u00e9liorations. Ils ont chang\u00e9 le sol de la cour, ajout\u00e9 de la v\u00e9g\u00e9tation\u00a0; on avait demand\u00e9 la r\u00e9novation des toilettes, les filles voulaient un plus grand espace toilettes, c\u2019est parfait. Ils ont tout respect\u00e9 \u00e0 la lettre. On ne s\u2019attendait pas \u00e0 une telle surprise \u00e0 la rentr\u00e9e.\u00a0\u00bb<\/p>\n<p>Ce mardi 2\u00a0septembre au matin, Beno\u00eet Payan, le maire (DVG), a choisi l\u2019\u00e9cole \u00e9l\u00e9mentaire des Chartreux (4e) pour effectuer <a href=\"https:\/\/www.laprovence.com\/article\/societe\/93260468264021\/direct-laprovence-cest-enfin-le-moment-de-la-rentree-scolaire-dans-les-bouches-du-rhone-suivez-la-journee-en-direct\" target=\"_blank\" rel=\"noopener\">la traditionnelle rentr\u00e9e des classes<\/a>. \u00ab\u00a0Il y a quatre ans, avec Didier Jau, le maire (EELV) de secteur, nous sommes venus ici, rappelle Pierre-Marie Ganozzi, adjoint au maire (PM) en charge du b\u00e2ti scolaire. Cette \u00e9cole avait beaucoup de retard\u00a0: les toilettes \u00e9taient bouch\u00e9es, un b\u00e2timent s\u2019effondrait\u2026 Nous avons d\u00e9cid\u00e9 de lancer un programme de travaux sur trois ans.\u00a0\u00bb<\/p>\n<p><img alt=\"\u00c0 l\u2019\u00e9cole des Chartreux (4e).\" loading=\"lazy\" decoding=\"async\" data-nimg=\"fill\" class=\" TwicCore_img__i9TC1 undefined  undefined\" style=\"position:absolute;height:100%;width:100%;left:0;top:0;right:0;bottom:0;color:transparent;background-size:cover;background-position:50% 50%;background-repeat:no-repeat;background-image:url(&quot;data:image\/svg+xml;charset=utf-8,%3Csvg xmlns='http:\/\/www.w3.org\/2000\/svg' %3E%3Cfilter id='b' color-interpolation-filters='sRGB'%3E%3CfeGaussianBlur stdDeviation='20'\/%3E%3CfeColorMatrix values='1 0 0 0 0 0 1 0 0 0 0 0 1 0 0 0 0 0 100 -1' result='s'\/%3E%3CfeFlood x='0' y='0' width='100%25' height='100%25'\/%3E%3CfeComposite operator='out' in='s'\/%3E%3CfeComposite in2='SourceGraphic'\/%3E%3CfeGaussianBlur stdDeviation='20'\/%3E%3C\/filter%3E%3Cimage width='100%25' height='100%25' x='0' y='0' preserveAspectRatio='none' style='filter: url(%23b);' href='https:\/\/pictures.laprovence.com\/cdn-cgi\/image\/blur=250\/media\/melody\/2025\/09\/02\/a-l-ecole-des-chartreux-4e-1756835941_bd29ea33e6b86c139ea33e6b89539ev_.jpg'\/%3E%3C\/svg%3E&quot;)\"   src=\"https:\/\/www.europesays.com\/fr\/wp-content\/uploads\/2025\/09\/a-l-ecole-des-chartreux-4e-1756835941_bd29ea33e6b86c139ea33e6b89539ev_.jpg\"\/>\u00c0 l\u2019\u00e9cole des Chartreux (4e). Franck Pennant<\/p>\n<p>R\u00e9novation des salles de classe (peinture, faux plafonds, \u00e9clairage LED, r\u00e9seaux informatiques\u2026), remplacement des menuiseries, r\u00e9fection de la toiture, ravalement de la fa\u00e7ade, mise aux normes PMR, r\u00e9am\u00e9nagement de la cour\u00a0: depuis\u00a02024, la Ville a investi 1\u00a0596\u00a0000\u00a0euros pour restaurer c&#8230;<\/p>\n","protected":false},"excerpt":{"rendered":"\u00ab\u00a0Ils ont\u00a0repeint la fa\u00e7ade de l\u2019\u00e9cole, c\u2019est beaucoup plus joli, s\u2019extasie Meson, en CM2, d\u00e9l\u00e9gu\u00e9\u00a0depuis deux ans. Il&hellip;\n","protected":false},"author":2,"featured_media":360644,"comment_status":"","ping_status":"","sticky":false,"template":"","format":"standard","meta":{"footnotes":""},"categories":[2814],"tags":[17,1111,11,16980,19234,4019,1777,674,1011,27,4112,884,12,19988,5355,882,16,25,4824],"class_list":{"0":"post-361344","1":"post","2":"type-post","3":"status-publish","4":"format-standard","5":"has-post-thumbnail","7":"category-marseille","8":"tag-17","9":"tag-actu","10":"tag-actualites","11":"tag-benoit","12":"tag-defend","13":"tag-ecoles","14":"tag-eu","15":"tag-europe","16":"tag-fr","17":"tag-france","18":"tag-lecole","19":"tag-marseille","20":"tag-news","21":"tag-payan","22":"tag-plan","23":"tag-provence-alpes-cote-dazur","24":"tag-region","25":"tag-republique-francaise","26":"tag-ville"},"share_on_mastodon":{"url":"https:\/\/pubeurope.com\/@fr\/115136059743756984","error":""},"_links":{"self":[{"href":"https:\/\/www.europesays.com\/fr\/wp-json\/wp\/v2\/posts\/361344","targetHints":{"allow":["GET"]}}],"collection":[{"href":"https:\/\/www.europesays.com\/fr\/wp-json\/wp\/v2\/posts"}],"about":[{"href":"https:\/\/www.europesays.com\/fr\/wp-json\/wp\/v2\/types\/post"}],"author":[{"embeddable":true,"href":"https:\/\/www.europesays.com\/fr\/wp-json\/wp\/v2\/users\/2"}],"replies":[{"embeddable":true,"href":"https:\/\/www.europesays.com\/fr\/wp-json\/wp\/v2\/comments?post=361344"}],"version-history":[{"count":0,"href":"https:\/\/www.europesays.com\/fr\/wp-json\/wp\/v2\/posts\/361344\/revisions"}],"wp:featuredmedia":[{"embeddable":true,"href":"https:\/\/www.europesays.com\/fr\/wp-json\/wp\/v2\/media\/360644"}],"wp:attachment":[{"href":"https:\/\/www.europesays.com\/fr\/wp-json\/wp\/v2\/media?parent=361344"}],"wp:term":[{"taxonomy":"category","embeddable":true,"href":"https:\/\/www.europesays.com\/fr\/wp-json\/wp\/v2\/categories?post=361344"},{"taxonomy":"post_tag","embeddable":true,"href":"https:\/\/www.europesays.com\/fr\/wp-json\/wp\/v2\/tags?post=361344"}],"curies":[{"name":"wp","href":"https:\/\/api.w.org\/{rel}","templated":true}]}}