{"id":361345,"date":"2025-09-02T18:13:10","date_gmt":"2025-09-02T18:13:10","guid":{"rendered":"https:\/\/www.europesays.com\/fr\/361345\/"},"modified":"2025-09-02T18:13:10","modified_gmt":"2025-09-02T18:13:10","slug":"victimes-en-urgence-absolue-suspect-tunisien-abattu-ce-que-lon-sait-de-lattaque-au-couteau-a-marseille","status":"publish","type":"post","link":"https:\/\/www.europesays.com\/fr\/361345\/","title":{"rendered":"Victimes en urgence absolue, suspect tunisien abattu\u2026 Ce que l\u2019on sait de l\u2019attaque au couteau \u00e0 Marseille"},"content":{"rendered":"<p>Les faits se sont produits ce mardi 2\u00a0septembre dans le 1er arrondissement de Marseille. L\u2019homme, de nationalit\u00e9 Tunisienne, a bless\u00e9 plusieurs personnes au couteau avant d\u2019\u00eatre abattu dans la rue par les forces de l\u2019ordre.<\/p>\n<p>Un homme a \u00e9t\u00e9 tu\u00e9 par des policiers ce mardi 2\u00a0septembre dans <a href=\"https:\/\/www.parismatch.com\/actu\/societe\/marseille-avec-la-crs-81-lassaut-des-dealers-245186\" target=\"_blank\" rel=\"nofollow noopener\">les rues de Marseille<\/a> (Bouches-du-Rh\u00f4ne) alors qu\u2019il marchait avec deux couteaux et une barre de fer dans le 1er arrondissement de la cit\u00e9 phoc\u00e9enne, a appris Paris Match, confirmant une information de nos confr\u00e8res de <a href=\"https:\/\/www.bfmtv.com\/marseille\/info-bfmtv-un-homme-mortellement-touche-par-des-tirs-de-policiers-apres-avoir-poignarde-plusieurs-personnes-dans-un-hotel-a-marseille_AN-202509020628.html\" target=\"_blank\" rel=\"nofollow noopener\">BFMTV<\/a>.<\/p>\n<p>Une victime en \u00ab\u00a0extr\u00eame urgence\u00a0\u00bb, deux autres en urgence absolue<\/p>\n<p>Les faits se sont produits devant un kebab cours Belsunce, une art\u00e8re situ\u00e9e \u00e0 proximit\u00e9 de la Canebi\u00e8re et du Vieux-Port, peu avant 15\u00a0heures. Plusieurs minutes avant d\u2019\u00eatre abattu, l\u2019assaillant avait attaqu\u00e9 cinq personnes \u00e0 l\u2019int\u00e9rieur d\u2019un h\u00f4tel.<\/p>\n<p>    La suite apr\u00e8s cette publicit\u00e9<\/p>\n<p>D\u2019apr\u00e8s une source polici\u00e8re, un homme de 50\u00a0ans, poignard\u00e9 au thorax, se trouve en \u00e9tat \u00ab\u00a0d\u2019extr\u00eame urgence\u00a0\u00bb. Deux hommes, l\u2019un \u00e2g\u00e9 de 38\u00a0ans et l\u2019autre de 74\u00a0ans, se trouvent en urgence absolue et souffrent de plaies abdominales et au dos. Enfin, deux autres personnes, \u00e2g\u00e9es de 18\u00a0ans et 35\u00a0ans, bless\u00e9es au visage, ont \u00e9t\u00e9 prises en charge sans que leurs pronostics vitaux ne soient engag\u00e9s.<\/p>\n<p>    La suite apr\u00e8s cette publicit\u00e9<\/p>\n<p>Suspect de nationalit\u00e9 tunisienne<\/p>\n<p>Sur une vid\u00e9o diffus\u00e9e par plusieurs internautes, on voit quatre policiers ordonner \u00e0 l\u2019homme de l\u00e2cher ses armes. Devant son refus, l\u2019un d\u2019eux sort un taser mais l\u2019assaillant s\u2019approche des forces de l\u2019ordre. C\u2019est \u00e0 ce moment-l\u00e0 que plusieurs d\u2019entre eux ont ouvert le feu.<\/p>\n<p>Selon les informations de Paris Match, l\u2019attaque au couteau s\u2019est produite lors d\u2019une altercation entre l\u2019auteur, de nationalit\u00e9 tunisienne, et le personnel d\u2019un h\u00f4tel. L\u2019assaillant a notamment bless\u00e9 le g\u00e9rant de l\u2019h\u00f4tel, ainsi qu\u2019un client avec un long couteau. L\u2019auteur se nomme Abdelkader D., il est aussi connu sous divers alias.<\/p>\n<p>    La suite apr\u00e8s cette publicit\u00e9<\/p>\n<p>    La suite apr\u00e8s cette publicit\u00e9<\/p>\n<p>\u00ab\u00a0Un p\u00e9riple criminel\u00a0\u00bb, indique le procureur de Marseille<\/p>\n<p>Apr\u00e8s s\u2019\u00eatre rendu sur les lieux de l\u2019attaque, Nicolas Bessonne, le procureur de la R\u00e9publique de Marseille a regrett\u00e9 un \u00ab\u00a0p\u00e9riple criminel\u00a0\u00bb lors duquel le suspect \u00ab\u00a0a tent\u00e9 de porter des coups de couteau \u00e0 des personnes \u00e0 l\u2019aveugle, gratuitement\u00a0\u00bb.<\/p>\n<p>Une enqu\u00eate a \u00e9t\u00e9 ouverte et confi\u00e9e \u00e0 la police judiciaire de Marseille. Pour le moment, le Parquet national antiterroriste (PNAT) est \u00ab\u00a0actuellement en observation de la proc\u00e9dure suivie par le parquet de Marseille\u00a0\u00bb, indique-t-il. Des enqu\u00eateurs de la sous-direction antiterroriste (Sdat), bas\u00e9e \u00e0 Levallois (Hauts-de-Seine) se sont rendus \u00e0 Marseille pour \u00e9valuation.<\/p>\n<p>\u00c0 la suite de cette attaque, le ministre de l\u2019Int\u00e9rieur Bruno Retailleau a annonc\u00e9 se rendre \u00e0 Marseille d\u00e8s ce mardi 2\u00a0septembre au soir. Son arriv\u00e9e est pr\u00e9vue aux alentours de 20h30, pr\u00e9cise Beauvau.<\/p>\n","protected":false},"excerpt":{"rendered":"Les faits se sont produits ce mardi 2\u00a0septembre dans le 1er arrondissement de Marseille. L\u2019homme, de nationalit\u00e9 Tunisienne,&hellip;\n","protected":false},"author":2,"featured_media":361346,"comment_status":"","ping_status":"","sticky":false,"template":"","format":"standard","meta":{"footnotes":""},"categories":[2814],"tags":[1111,11,1777,674,1011,27,884,12,882,25],"class_list":{"0":"post-361345","1":"post","2":"type-post","3":"status-publish","4":"format-standard","5":"has-post-thumbnail","7":"category-marseille","8":"tag-actu","9":"tag-actualites","10":"tag-eu","11":"tag-europe","12":"tag-fr","13":"tag-france","14":"tag-marseille","15":"tag-news","16":"tag-provence-alpes-cote-dazur","17":"tag-republique-francaise"},"share_on_mastodon":{"url":"https:\/\/pubeurope.com\/@fr\/115136063336740283","error":""},"_links":{"self":[{"href":"https:\/\/www.europesays.com\/fr\/wp-json\/wp\/v2\/posts\/361345","targetHints":{"allow":["GET"]}}],"collection":[{"href":"https:\/\/www.europesays.com\/fr\/wp-json\/wp\/v2\/posts"}],"about":[{"href":"https:\/\/www.europesays.com\/fr\/wp-json\/wp\/v2\/types\/post"}],"author":[{"embeddable":true,"href":"https:\/\/www.europesays.com\/fr\/wp-json\/wp\/v2\/users\/2"}],"replies":[{"embeddable":true,"href":"https:\/\/www.europesays.com\/fr\/wp-json\/wp\/v2\/comments?post=361345"}],"version-history":[{"count":0,"href":"https:\/\/www.europesays.com\/fr\/wp-json\/wp\/v2\/posts\/361345\/revisions"}],"wp:featuredmedia":[{"embeddable":true,"href":"https:\/\/www.europesays.com\/fr\/wp-json\/wp\/v2\/media\/361346"}],"wp:attachment":[{"href":"https:\/\/www.europesays.com\/fr\/wp-json\/wp\/v2\/media?parent=361345"}],"wp:term":[{"taxonomy":"category","embeddable":true,"href":"https:\/\/www.europesays.com\/fr\/wp-json\/wp\/v2\/categories?post=361345"},{"taxonomy":"post_tag","embeddable":true,"href":"https:\/\/www.europesays.com\/fr\/wp-json\/wp\/v2\/tags?post=361345"}],"curies":[{"name":"wp","href":"https:\/\/api.w.org\/{rel}","templated":true}]}}