{"id":361347,"date":"2025-09-02T18:14:10","date_gmt":"2025-09-02T18:14:10","guid":{"rendered":"https:\/\/www.europesays.com\/fr\/361347\/"},"modified":"2025-09-02T18:14:10","modified_gmt":"2025-09-02T18:14:10","slug":"ecogepsy-medecins-generalistes-et-psychiatres-unis-pour-la-sante-mentale-en-auvergne-rhone-alpes","status":"publish","type":"post","link":"https:\/\/www.europesays.com\/fr\/361347\/","title":{"rendered":"EcoG\u00e9Psy : m\u00e9decins g\u00e9n\u00e9ralistes et psychiatres unis pour la sant\u00e9 mentale en Auvergne-Rh\u00f4ne-Alpes"},"content":{"rendered":"<p>                                                        <img loading=\"lazy\" decoding=\"async\" width=\"1772\" height=\"1890\" src=\"data:image\/svg+xml,%3Csvg%20xmlns=\" http:=\"\" class=\"thumb img-responsive m-x-auto block w-full\" alt=\"lyon entreprises \u00e9cog\u00e9psy\" caption=\"\" data-lazy-src=\"https:\/\/www.europesays.com\/fr\/wp-content\/uploads\/2025\/09\/lyon-entreprises-ecogepsy.jpg\"\/><\/p>\n<p class=\"ez-toc-title ez-toc-toggle\" style=\"cursor: pointer\">Sommaire &amp; acc\u00e8s rapide<\/p>\n<p><a href=\"#\" class=\"ez-toc-pull-right ez-toc-btn ez-toc-btn-xs ez-toc-btn-default ez-toc-toggle\" aria-label=\"Toggle Table of Content\">Toggle<\/a><\/p>\n<p><strong>L\u2019URPS M\u00e9decins Lib\u00e9raux Auvergne-Rh\u00f4ne-Alpes lance EcoG\u00e9Psy, une initiative de t\u00e9l\u00e9supervision entre m\u00e9decins g\u00e9n\u00e9ralistes et psychiatres. Apr\u00e8s une premi\u00e8re ann\u00e9e de test concluante, le dispositif s\u2019\u00e9tend afin de renforcer la prise en charge des patients souffrant de troubles psychiques complexes.<\/strong><\/p>\n<p>Un enjeu de sant\u00e9 publique<\/p>\n<p>En 2025, la sant\u00e9 mentale a \u00e9t\u00e9 d\u00e9clar\u00e9e grande cause nationale. Dans ce contexte, l\u2019URPS M\u00e9decins Lib\u00e9raux AuRA propose EcoG\u00e9Psy, un syst\u00e8me innovant permettant aux m\u00e9decins g\u00e9n\u00e9ralistes de solliciter l\u2019expertise de psychiatres volontaires. L\u2019objectif : am\u00e9liorer la qualit\u00e9 et la rapidit\u00e9 des soins pour les patients confront\u00e9s \u00e0 des pathologies psychiatriques.<\/p>\n<p>Un dispositif gagnant-gagnant<\/p>\n<p>Le principe est simple : le m\u00e9decin g\u00e9n\u00e9raliste expose la situation d\u2019un patient \u00e0 un psychiatre, lors d\u2019un \u00e9change en visio ou par t\u00e9l\u00e9phone. Ce dernier apporte ses conseils pour adapter la prise en charge, ajuster un traitement ou dynamiser une psychoth\u00e9rapie. Ce partage d\u2019expertise b\u00e9n\u00e9ficie \u00e0 tous :<\/p>\n<ul>\n<li>le patient b\u00e9n\u00e9ficie d\u2019une prise en charge plus rapide et adapt\u00e9e,<\/li>\n<li>le m\u00e9decin g\u00e9n\u00e9raliste acquiert de nouvelles comp\u00e9tences en sant\u00e9 mentale,<\/li>\n<li>le psychiatre contribue \u00e0 une meilleure couverture des besoins sans n\u00e9cessairement multiplier les consultations directes.<\/li>\n<\/ul>\n<p>Des r\u00e9sultats encourageants<\/p>\n<p>Apr\u00e8s un an de fonctionnement, EcoG\u00e9Psy affiche un bilan positif avec 200 t\u00e9l\u00e9supervisions r\u00e9alis\u00e9es. Le dispositif a permis d\u2019\u00e9viter certains passages aux urgences et d\u2019am\u00e9liorer la continuit\u00e9 des soins. Pour r\u00e9pondre \u00e0 la demande croissante, une campagne de recrutement de psychiatres volontaires est en cours en r\u00e9gion Auvergne-Rh\u00f4ne-Alpes.<\/p>\n<p>Une r\u00e9ponse au d\u00e9ficit de sp\u00e9cialistes<\/p>\n<p>La r\u00e9gion est confront\u00e9e, comme ailleurs en France, \u00e0 une p\u00e9nurie de psychiatres et de p\u00e9dopsychiatres. De nombreux g\u00e9n\u00e9ralistes doivent g\u00e9rer seuls des situations psychiatriques complexes. EcoG\u00e9Psy vient combler ce manque en cr\u00e9ant un r\u00e9seau collaboratif bas\u00e9 sur la t\u00e9l\u00e9supervision et la solidarit\u00e9 m\u00e9dicale.<\/p>\n<p>Le r\u00f4le de l\u2019URPS M\u00e9decins Lib\u00e9raux AuRA<\/p>\n<p>Repr\u00e9sentant institutionnel de 14 500 m\u00e9decins lib\u00e9raux en Auvergne-Rh\u00f4ne-Alpes, l\u2019URPS M\u00e9decins Lib\u00e9raux AuRA joue un r\u00f4le central dans la mise en place de ce projet. L\u2019organisation, pr\u00e9sid\u00e9e par le docteur Sylvie Filley-Bernard, regroupe 60 m\u00e9decins \u00e9lus et \u0153uvre pour une pratique lib\u00e9rale de qualit\u00e9, en lien avec les politiques de sant\u00e9 r\u00e9gionales.<\/p>\n","protected":false},"excerpt":{"rendered":"Sommaire &amp; acc\u00e8s rapide Toggle L\u2019URPS M\u00e9decins Lib\u00e9raux Auvergne-Rh\u00f4ne-Alpes lance EcoG\u00e9Psy, une initiative de t\u00e9l\u00e9supervision entre m\u00e9decins g\u00e9n\u00e9ralistes&hellip;\n","protected":false},"author":2,"featured_media":361348,"comment_status":"","ping_status":"","sticky":false,"template":"","format":"standard","meta":{"footnotes":""},"categories":[1889],"tags":[1111,11,2430,1777,674,1011,27,2428,12,25],"class_list":{"0":"post-361347","1":"post","2":"type-post","3":"status-publish","4":"format-standard","5":"has-post-thumbnail","7":"category-lyon","8":"tag-actu","9":"tag-actualites","10":"tag-auvergne-rhone-alpes","11":"tag-eu","12":"tag-europe","13":"tag-fr","14":"tag-france","15":"tag-lyon","16":"tag-news","17":"tag-republique-francaise"},"share_on_mastodon":{"url":"https:\/\/pubeurope.com\/@fr\/115136067345982618","error":""},"_links":{"self":[{"href":"https:\/\/www.europesays.com\/fr\/wp-json\/wp\/v2\/posts\/361347","targetHints":{"allow":["GET"]}}],"collection":[{"href":"https:\/\/www.europesays.com\/fr\/wp-json\/wp\/v2\/posts"}],"about":[{"href":"https:\/\/www.europesays.com\/fr\/wp-json\/wp\/v2\/types\/post"}],"author":[{"embeddable":true,"href":"https:\/\/www.europesays.com\/fr\/wp-json\/wp\/v2\/users\/2"}],"replies":[{"embeddable":true,"href":"https:\/\/www.europesays.com\/fr\/wp-json\/wp\/v2\/comments?post=361347"}],"version-history":[{"count":0,"href":"https:\/\/www.europesays.com\/fr\/wp-json\/wp\/v2\/posts\/361347\/revisions"}],"wp:featuredmedia":[{"embeddable":true,"href":"https:\/\/www.europesays.com\/fr\/wp-json\/wp\/v2\/media\/361348"}],"wp:attachment":[{"href":"https:\/\/www.europesays.com\/fr\/wp-json\/wp\/v2\/media?parent=361347"}],"wp:term":[{"taxonomy":"category","embeddable":true,"href":"https:\/\/www.europesays.com\/fr\/wp-json\/wp\/v2\/categories?post=361347"},{"taxonomy":"post_tag","embeddable":true,"href":"https:\/\/www.europesays.com\/fr\/wp-json\/wp\/v2\/tags?post=361347"}],"curies":[{"name":"wp","href":"https:\/\/api.w.org\/{rel}","templated":true}]}}