{"id":361349,"date":"2025-09-02T18:15:13","date_gmt":"2025-09-02T18:15:13","guid":{"rendered":"https:\/\/www.europesays.com\/fr\/361349\/"},"modified":"2025-09-02T18:15:13","modified_gmt":"2025-09-02T18:15:13","slug":"bruno-bernard-et-les-maires-de-gauche-font-front-commun","status":"publish","type":"post","link":"https:\/\/www.europesays.com\/fr\/361349\/","title":{"rendered":"Bruno Bernard et les maires de gauche font front commun"},"content":{"rendered":"<p>Il aborde la campagne qui s\u2019ouvre de fa\u00e7on \u00ab\u00a0sereine\u00a0\u00bb et \u00ab\u00a0d\u00e9termin\u00e9e\u00a0\u00bb. Dans une interview accord\u00e9e \u00e0 Tribune de Lyon, Bruno Bernard, pr\u00e9sident \u00e9cologiste de la M\u00e9tropole de Lyon, <a href=\"https:\/\/tribunedelyon.fr\/politique\/bruno-bernard-2026-elections\/\" target=\"_blank\" rel=\"noopener\">d\u00e9crypte un premier acte d\u2019unit\u00e9<\/a> qui prend la forme d\u2019un appel commun lanc\u00e9 avec les maires des quatre plus grandes communes \u00e0 gauche du Grand Lyon, que sont Gr\u00e9gory Doucet (Les \u00c9cologistes) \u00e0 Lyon, C\u00e9dric Van Styvendael (PS) \u00e0 Villeurbanne, mais aussi H\u00e9l\u00e8ne Geoffroy (PS) <a href=\"https:\/\/www.leprogres.fr\/elections\/2025\/06\/23\/municipales-2026-a-vaulx-en-velin-les-chefs-de-file-lfi-sont-connus\" target=\"_blank\" rel=\"noopener\">\u00e0 Vaulx-en-Velin<\/a> et Mich\u00e8le Picard (PC) \u00e0 <a href=\"https:\/\/www.leprogres.fr\/elections\/2025\/04\/08\/municipales-2026-a-venissieux-le-pcf-pret-a-ouvrir-les-negociations-a-gauche-pour-faire-barrage-a-l-extreme-droite\" target=\"_blank\" rel=\"noopener\">V\u00e9nissieux<\/a>.<\/p>\n<p>\u00ab\u00a0Un front des solutions\u00a0\u00bb<\/p>\n<p>Ces maires s\u2019engagent \u00e0 mener \u00ab\u00a0un front des solutions\u00a0\u00bb et font part du souhait de poursuivre leur \u00ab\u00a0dynamique collective\u00a0\u00bb, s\u2019engageant \u00e0 \u00ab\u00a0continuer de prot\u00e9ger et transformer notre territoire\u00a0\u00bb<\/p>\n<p>L\u2019occasion aussi pour Bruno Bernard, questionn\u00e9 sur une alliance ou non avec les Insoumis, de consid\u00e9rer que \u00ab\u00a0c\u2019est \u00e0 eux de se positionner\u00a0\u00bb. \u00ab\u00a0Tous les signaux envoy\u00e9s nationalement et localement, ne dessinent pas le choix d\u2019un rassemblement au premier tour\u00a0\u00bb, ajoute l\u2019\u00e9cologiste qui assure aussi avoir \u00ab\u00a0tr\u00e8s bien travaill\u00e9 pendant 6 ans \u00bb avec LFI au sein de l\u2019ex\u00e9cutif m\u00e9tropolitain.<\/p>\n","protected":false},"excerpt":{"rendered":"Il aborde la campagne qui s\u2019ouvre de fa\u00e7on \u00ab\u00a0sereine\u00a0\u00bb et \u00ab\u00a0d\u00e9termin\u00e9e\u00a0\u00bb. Dans une interview accord\u00e9e \u00e0 Tribune de&hellip;\n","protected":false},"author":2,"featured_media":361350,"comment_status":"","ping_status":"","sticky":false,"template":"","format":"standard","meta":{"footnotes":""},"categories":[1889],"tags":[1111,11,2430,2757,4188,1777,674,107,1011,27,3539,2428,2756,12,8387,3541,316,25,2429],"class_list":{"0":"post-361349","1":"post","2":"type-post","3":"status-publish","4":"format-standard","5":"has-post-thumbnail","7":"category-lyon","8":"tag-actu","9":"tag-actualites","10":"tag-auvergne-rhone-alpes","11":"tag-edition-lyon-villeurbanne","12":"tag-elections-municipales","13":"tag-eu","14":"tag-europe","15":"tag-fil-info","16":"tag-fr","17":"tag-france","18":"tag-les-ecologistes","19":"tag-lyon","20":"tag-lyon-bassin","21":"tag-news","22":"tag-parti-communiste","23":"tag-parti-socialiste","24":"tag-politique","25":"tag-republique-francaise","26":"tag-rhone"},"share_on_mastodon":{"url":"https:\/\/pubeurope.com\/@fr\/115136071255952167","error":""},"_links":{"self":[{"href":"https:\/\/www.europesays.com\/fr\/wp-json\/wp\/v2\/posts\/361349","targetHints":{"allow":["GET"]}}],"collection":[{"href":"https:\/\/www.europesays.com\/fr\/wp-json\/wp\/v2\/posts"}],"about":[{"href":"https:\/\/www.europesays.com\/fr\/wp-json\/wp\/v2\/types\/post"}],"author":[{"embeddable":true,"href":"https:\/\/www.europesays.com\/fr\/wp-json\/wp\/v2\/users\/2"}],"replies":[{"embeddable":true,"href":"https:\/\/www.europesays.com\/fr\/wp-json\/wp\/v2\/comments?post=361349"}],"version-history":[{"count":0,"href":"https:\/\/www.europesays.com\/fr\/wp-json\/wp\/v2\/posts\/361349\/revisions"}],"wp:featuredmedia":[{"embeddable":true,"href":"https:\/\/www.europesays.com\/fr\/wp-json\/wp\/v2\/media\/361350"}],"wp:attachment":[{"href":"https:\/\/www.europesays.com\/fr\/wp-json\/wp\/v2\/media?parent=361349"}],"wp:term":[{"taxonomy":"category","embeddable":true,"href":"https:\/\/www.europesays.com\/fr\/wp-json\/wp\/v2\/categories?post=361349"},{"taxonomy":"post_tag","embeddable":true,"href":"https:\/\/www.europesays.com\/fr\/wp-json\/wp\/v2\/tags?post=361349"}],"curies":[{"name":"wp","href":"https:\/\/api.w.org\/{rel}","templated":true}]}}