{"id":361353,"date":"2025-09-02T18:17:10","date_gmt":"2025-09-02T18:17:10","guid":{"rendered":"https:\/\/www.europesays.com\/fr\/361353\/"},"modified":"2025-09-02T18:17:10","modified_gmt":"2025-09-02T18:17:10","slug":"des-ecrivains-editeurs-et-profs-petitionnent-contre-la-mutation-numerique-des-manuels-scolaires-en-ile-de-france","status":"publish","type":"post","link":"https:\/\/www.europesays.com\/fr\/361353\/","title":{"rendered":"Des \u00e9crivains, \u00e9diteurs et profs p\u00e9titionnent contre la mutation num\u00e9rique des manuels scolaires en Ile-de-France"},"content":{"rendered":"\n<p><a href=\"https:\/\/www.lemonde.fr\/societe\/article\/2025\/09\/02\/l-eradication-du-manuel-scolaire-comme-repere-partage-est-une-erreur-pedagogique-sociale-et-democratique_6638080_3224.html\" target=\"_blank\" rel=\"noopener\">Plus de 500 signataires s\u2019alarment dans une tribune publi\u00e9e mardi par Le Monde<\/a> d\u2019un remplacement des manuels scolaires en format papier ou num\u00e9rique par des cours en ligne accessibles sur une plateforme unique, Pearltrees.<\/p>\n<p>C\u2019est l\u2019\u00e9cole \u201cdu scroll\u201d, \u201cun puzzle \u00e9clat\u00e9 o\u00f9 chaque \u00e9l\u00e8ve est livr\u00e9 \u00e0 lui-m\u00eame\u201d, argumente la p\u00e9tition, d\u00e9criant l\u2019absence de consultation des enseignants, parents et \u00e9l\u00e8ves. \u201cNous ne sommes ni nostalgiques, ni technophobes. Mais nous affirmons que l\u2019\u00e9radication du manuel scolaire comme rep\u00e8re partag\u00e9 est une erreur\u201d, pr\u00e9cisent les signataires, parmi lesquels les \u00e9crivains Aur\u00e9lie Valognes et Sorj Chalandon ou l\u2019animateur St\u00e9phane Bern.<\/p>\n<p>Leur mobilisation fait suite \u00e0 l\u2019annonce par la pr\u00e9sidente de la r\u00e9gion Ile-de-France Val\u00e9rie P\u00e9cresse (LR) la semaine derni\u00e8re d\u2019un doublement du nombre de manuels num\u00e9riques dit \u201clibres\u201d, con\u00e7u par des responsables acad\u00e9miques franciliens. Ils sont d\u00e9sormais 50 \u00e0 \u00eatre accessibles gratuitement via Pearltrees.<\/p>\n<p>Val\u00e9rie P\u00e9cresse avait ainsi expliqu\u00e9, lors de sa conf\u00e9rence de presse de rentr\u00e9e, que \u201cdeux niveaux des enseignants\u201d \u00e9taient \u201caujourd\u2019hui utilisateurs de manuels libres\u201d. \u201cTrois-quarts des manuels offerts par la r\u00e9gion ne sont pas ouverts par les \u00e9l\u00e8ves\u201d, avait-elle ajout\u00e9.<\/p>\n<p>La pr\u00e9sidente de r\u00e9gion a par ailleurs rappel\u00e9 que le choix avait \u00e9t\u00e9 donn\u00e9 en 2019 aux \u00e9tablissements de garder le papier, ou de passer au \u201ctout num\u00e9rique\u201d, \u00e0 la faveur d\u2019un changement des programmes qui impliquait l\u2019achat de nouveaux manuels. La moiti\u00e9 des \u00e9tablissements avaient alors choisi de garder des manuels scolaires papier \u2013 tout en ayant acc\u00e8s aux manuels libres sur Pearltrees. Une fois le choix du num\u00e9rique act\u00e9, il n\u2019y a en revanche plus de retour en arri\u00e8re possible pour les \u00e9tablissements, jusqu\u2019au prochain renouvellement des programmes.<\/p>\n<p>\u201cNous ne sommes pas dans la d\u00e9marche d\u2019aller vers le tout num\u00e9rique\u201d, indique  \u00e0 l\u2019AFP le vice-pr\u00e9sident de la r\u00e9gion en charge des lyc\u00e9es, James Ch\u00e9ron.<\/p>\n<p>Sur le plan financier, les syndicats rel\u00e8vent que pour cette nouvelle ann\u00e9e scolaire, m\u00eame les lyc\u00e9es franciliens qui n\u2019ont pas fait le choix du tout num\u00e9rique n\u2019ont pas re\u00e7u de dotation de la r\u00e9gion pour acheter de nouveaux manuels. \u201cSeuls les manuels num\u00e9riques seront financ\u00e9s et encore de mani\u00e8re tr\u00e8s imparfaite\u201d, d\u00e9plore Sophie V\u00e9n\u00e9titay, secr\u00e9taire g\u00e9n\u00e9rale du SNES-FSU, premier syndicat du secondaire. La syndicaliste estime aussi qu\u2019il y a contradiction entre la volont\u00e9 de r\u00e9duire le temps d\u2019\u00e9cran des \u00e9l\u00e8ves mis en avant par l\u2019\u00c9ducation nationale, et le d\u00e9ploy\u00e9 d\u2019outils d\u00e9mat\u00e9rialis\u00e9s.<\/p>\n<p>Quid du contr\u00f4le des contenus\u00a0?<\/p>\n<p>Le groupe d\u2019opposition communiste et \u00e9cologiste d\u2019Ile-de-France d\u00e9nonce lui une \u201cremise en cause de la libert\u00e9 p\u00e9dagogique\u201d, affirmant que \u201cle cahier des charges du march\u00e9 public relatif \u00e0 cette plateforme permet \u00e0 la r\u00e9gion et \u00e0 son prestataire Pearltrees d\u2019en contr\u00f4ler les contenus en s\u2019octroyant le pouvoir de retirer un contenu\u201d.<\/p>\n<p>Patrice Lamothe, PDG de Pearltrees, soutient \u00e0 l\u2019inverse que les manuels disponibles sur sa plateforme \u201cne sont pas seulement granulaires mais peuvent \u00eatre r\u00e9organis\u00e9s en parcours, \u00e0 l\u2019infini\u201d selon les souhaits p\u00e9dagogiques des enseignants.<\/p>\n<p>Joint par l\u2019AFP, il dit \u201ccomprendre les craintes des \u00e9diteurs dont l\u2019industrie est en mutation\u201d face aux pressions g\u00e9n\u00e9r\u00e9es par le passage au num\u00e9rique pour \u201cbaisser leurs prix\u201d.<\/p>\n<p>Caroline Maitrot, fondatrice de Nomad Education, une autre plateforme de cours en ligne, estime pour sa part qu\u2019il y a l\u00e0 une tentative des \u00e9diteurs de livres scolaires de maintenir une \u201cposition dominante\u201d au lieu de s\u2019adapter aux usages num\u00e9riques des \u00e9l\u00e8ves.<\/p>\n<p>Le minist\u00e8re de l\u2019\u00c9ducation n\u2019a pas r\u00e9pondu \u00e0 la question de savoir si ces manuels num\u00e9riques libres \u00e9taient \u00e9galement promus dans d\u2019autres r\u00e9gions.<\/p>\n","protected":false},"excerpt":{"rendered":"Plus de 500 signataires s\u2019alarment dans une tribune publi\u00e9e mardi par Le Monde d\u2019un remplacement des manuels scolaires&hellip;\n","protected":false},"author":2,"featured_media":361354,"comment_status":"","ping_status":"","sticky":false,"template":"","format":"standard","meta":{"footnotes":""},"categories":[1592],"tags":[1111,11,1153,1292,1057,1126,11271,1777,674,1011,27,662,2633,21194,12,4125,626,2844,18931,12227,25,49390,18875,2328],"class_list":{"0":"post-361353","1":"post","2":"type-post","3":"status-publish","4":"format-standard","5":"has-post-thumbnail","7":"category-ile-de-france","8":"tag-actu","9":"tag-actualites","10":"tag-conference-de-presse","11":"tag-debat","12":"tag-education","13":"tag-education-nationale","14":"tag-enseignants","15":"tag-eu","16":"tag-europe","17":"tag-fr","18":"tag-france","19":"tag-ile-de-france","20":"tag-lycee","21":"tag-lycees","22":"tag-news","23":"tag-numerique","24":"tag-paris","25":"tag-petition","26":"tag-plateforme","27":"tag-region-ile-de-france","28":"tag-republique-francaise","29":"tag-snes-fsu","30":"tag-stephane-bern","31":"tag-valerie-pecresse"},"share_on_mastodon":{"url":"https:\/\/pubeurope.com\/@fr\/115136079086612456","error":""},"_links":{"self":[{"href":"https:\/\/www.europesays.com\/fr\/wp-json\/wp\/v2\/posts\/361353","targetHints":{"allow":["GET"]}}],"collection":[{"href":"https:\/\/www.europesays.com\/fr\/wp-json\/wp\/v2\/posts"}],"about":[{"href":"https:\/\/www.europesays.com\/fr\/wp-json\/wp\/v2\/types\/post"}],"author":[{"embeddable":true,"href":"https:\/\/www.europesays.com\/fr\/wp-json\/wp\/v2\/users\/2"}],"replies":[{"embeddable":true,"href":"https:\/\/www.europesays.com\/fr\/wp-json\/wp\/v2\/comments?post=361353"}],"version-history":[{"count":0,"href":"https:\/\/www.europesays.com\/fr\/wp-json\/wp\/v2\/posts\/361353\/revisions"}],"wp:featuredmedia":[{"embeddable":true,"href":"https:\/\/www.europesays.com\/fr\/wp-json\/wp\/v2\/media\/361354"}],"wp:attachment":[{"href":"https:\/\/www.europesays.com\/fr\/wp-json\/wp\/v2\/media?parent=361353"}],"wp:term":[{"taxonomy":"category","embeddable":true,"href":"https:\/\/www.europesays.com\/fr\/wp-json\/wp\/v2\/categories?post=361353"},{"taxonomy":"post_tag","embeddable":true,"href":"https:\/\/www.europesays.com\/fr\/wp-json\/wp\/v2\/tags?post=361353"}],"curies":[{"name":"wp","href":"https:\/\/api.w.org\/{rel}","templated":true}]}}