{"id":361355,"date":"2025-09-02T18:18:09","date_gmt":"2025-09-02T18:18:09","guid":{"rendered":"https:\/\/www.europesays.com\/fr\/361355\/"},"modified":"2025-09-02T18:18:09","modified_gmt":"2025-09-02T18:18:09","slug":"pourquoi-lacteur-ne-sera-pas-juge-devant-la-cour-dassises-de-paris","status":"publish","type":"post","link":"https:\/\/www.europesays.com\/fr\/361355\/","title":{"rendered":"pourquoi l&rsquo;acteur ne sera pas jug\u00e9 devant la cour d&rsquo;assises de Paris"},"content":{"rendered":"<p>            Par<br \/>\n        <strong><br \/>\n            <a href=\"https:\/\/actu.fr\/auteur\/antoine-blanchet\" title=\"Consulter tous les articles de Antoine Blanchet\" rel=\"nofollow noopener\" target=\"_blank\">Antoine Blanchet<\/a><br \/>\n        <\/strong><\/p>\n<p>        Publi\u00e9 le<\/p>\n<p>            2 sept. 2025 \u00e0 19h12        <\/p>\n<p>Une d\u00e9cision de justice qui pourrait faire encourir \u00e0 G\u00e9rard Depardieu une tr\u00e8s lourde peine. Ce mardi 2 septembre 2025, une juge d\u2019instruction <a href=\"https:\/\/actu.fr\/ile-de-france\/paris_75056\/paris-gerard-depardieu-renvoye-en-proces-pour-viols-sur-l-actrice-charlotte-arnould_63105096.html\" rel=\"nofollow noopener\" target=\"_blank\">a ordonn\u00e9 le renvoi de l\u2019acteur devant la cour criminelle<\/a> de <a href=\"https:\/\/actu.fr\/paris\/\" rel=\"nofollow noopener\" target=\"_blank\">Paris<\/a> pour <strong>viol et agression sexuelle<\/strong>\u00a0commis sur l\u2019actrice Charlotte Arnlould. Mais pourquoi n\u2019est-il pas renvoy\u00e9 devant les assises ? On vous explique pourquoi.\u00a0<\/p>\n<p>Un dispositif pour juger plus vite\u00a0<\/p>\n<p class=\" wall-content\">\u00c0 l\u2019origine, il n\u2019y avait que les cours d\u2019assises pour juger les crimes, qui sont des infractions faisant encourir au moins <strong>10 ans de r\u00e9clusion criminelle<\/strong>, telles que les <a href=\"https:\/\/actu.fr\/tag\/meurtre\" rel=\"nofollow noopener\" target=\"_blank\">meurtres<\/a> ou encore les viols. Mais depuis d\u00e9but 2023, une nouvelle configuration est apparue dans le monde p\u00e9nal : la cour criminelle. Cette derni\u00e8re n\u2019est compos\u00e9e que de trois juges, contrairement aux assises qui sont form\u00e9es de magistrats, mais aussi d\u2019un jur\u00e9 populaire tir\u00e9 au sort. La raison de la mise en place de ces cours a pour but de r\u00e9duire le temps d\u2019audiencement des proc\u00e8s, qui peut parfois prendre plusieurs ann\u00e9es.\u00a0<\/p>\n<p class=\" wall-content\">Les cours criminelles ont pour vocation de juger les crimes dont la peine encourue<strong> ne d\u00e9passe pas 20 ans de r\u00e9clusion criminelle<\/strong>. Selon le <strong>Code p\u00e9nal<\/strong>, le viol est une infraction passible de 15 ans de r\u00e9clusion (20 s\u2019il est aggrav\u00e9). G\u00e9rard Depardieu \u00e9tant poursuivi pour viol, c\u2019est donc devant une cour criminelle qu\u2019il devra compara\u00eetre.\u00a0<\/p>\n<p>Une d\u00e9cision potentiellement contest\u00e9e\u00a0<\/p>\n<p class=\" wall-content\">Les jeux ne sont toutefois pas encore faits. L\u2019acteur peut contester la d\u00e9cision de la juge d\u2019instruction de le renvoyer devant la cour criminelle. En ce cas, c\u2019est la <strong>chambre de l\u2019instruction<\/strong> de la cour d\u2019appel de Paris qui serait charg\u00e9 de trancher. Si la d\u00e9cision des magistrats \u00e9tait de nouveau favorable, une date de proc\u00e8s serait programm\u00e9e dans les mois \u00e0 venir.\u00a0<\/p>\n<p class=\" wall-content\">Personnalisez votre actualit\u00e9 en ajoutant vos villes et m\u00e9dias en favori avec <a href=\"https:\/\/moncompte.actu.fr\" title=\"D\u00e9couvez Mon Actu\" rel=\"nofollow noopener\" data-trk=\"{&quot;cta&quot;:{&quot;action&quot;:&quot;https:\\\/\\\/moncompte.actu.fr&quot;,&quot;category&quot;:&quot;mon compte&quot;,&quot;from&quot;:&quot;article footer&quot;,&quot;name&quot;:&quot;Mon actu&quot;,&quot;type&quot;:&quot;cta&quot;}}\" target=\"_blank\">Mon Actu<\/a>.<\/p>\n","protected":false},"excerpt":{"rendered":"Par Antoine Blanchet Publi\u00e9 le 2 sept. 2025 \u00e0 19h12 Une d\u00e9cision de justice qui pourrait faire encourir&hellip;\n","protected":false},"author":2,"featured_media":361356,"comment_status":"","ping_status":"","sticky":false,"template":"","format":"standard","meta":{"footnotes":""},"categories":[1888],"tags":[1111,1928,11,1927,1777,674,118,1011,27,303,12,1926,626,1925,2694,25,799],"class_list":{"0":"post-361355","1":"post","2":"type-post","3":"status-publish","4":"format-standard","5":"has-post-thumbnail","7":"category-paris","8":"tag-actu","9":"tag-actu-paris","10":"tag-actualites","11":"tag-actualites-paris","12":"tag-eu","13":"tag-europe","14":"tag-faits-divers","15":"tag-fr","16":"tag-france","17":"tag-justice","18":"tag-news","19":"tag-news-paris","20":"tag-paris","21":"tag-paris-news","22":"tag-proces","23":"tag-republique-francaise","24":"tag-violences-sexuelles"},"share_on_mastodon":{"url":"https:\/\/pubeurope.com\/@fr\/115136082975909518","error":""},"_links":{"self":[{"href":"https:\/\/www.europesays.com\/fr\/wp-json\/wp\/v2\/posts\/361355","targetHints":{"allow":["GET"]}}],"collection":[{"href":"https:\/\/www.europesays.com\/fr\/wp-json\/wp\/v2\/posts"}],"about":[{"href":"https:\/\/www.europesays.com\/fr\/wp-json\/wp\/v2\/types\/post"}],"author":[{"embeddable":true,"href":"https:\/\/www.europesays.com\/fr\/wp-json\/wp\/v2\/users\/2"}],"replies":[{"embeddable":true,"href":"https:\/\/www.europesays.com\/fr\/wp-json\/wp\/v2\/comments?post=361355"}],"version-history":[{"count":0,"href":"https:\/\/www.europesays.com\/fr\/wp-json\/wp\/v2\/posts\/361355\/revisions"}],"wp:featuredmedia":[{"embeddable":true,"href":"https:\/\/www.europesays.com\/fr\/wp-json\/wp\/v2\/media\/361356"}],"wp:attachment":[{"href":"https:\/\/www.europesays.com\/fr\/wp-json\/wp\/v2\/media?parent=361355"}],"wp:term":[{"taxonomy":"category","embeddable":true,"href":"https:\/\/www.europesays.com\/fr\/wp-json\/wp\/v2\/categories?post=361355"},{"taxonomy":"post_tag","embeddable":true,"href":"https:\/\/www.europesays.com\/fr\/wp-json\/wp\/v2\/tags?post=361355"}],"curies":[{"name":"wp","href":"https:\/\/api.w.org\/{rel}","templated":true}]}}