{"id":361363,"date":"2025-09-02T18:22:09","date_gmt":"2025-09-02T18:22:09","guid":{"rendered":"https:\/\/www.europesays.com\/fr\/361363\/"},"modified":"2025-09-02T18:22:09","modified_gmt":"2025-09-02T18:22:09","slug":"chine-et-russie-se-presentent-comme-les-principaux-vainqueurs-de-1945","status":"publish","type":"post","link":"https:\/\/www.europesays.com\/fr\/361363\/","title":{"rendered":"Chine et Russie se pr\u00e9sentent comme les principaux vainqueurs de 1945"},"content":{"rendered":"\n<p>\u201cC\u00e9l\u00e9brant l\u2019anniversaire de la Seconde Guerre mondiale, la Chine cherche \u00e0 effacer le r\u00f4le des \u00c9tats-Unis dans la victoire\u201d, <a class=\"ithalc\" data-ithal=\"lien_externe\" data-ithalc=\"[nav_article]\" target=\"_blank\" href=\"https:\/\/www.washingtonpost.com\/world\/2025\/09\/01\/china-world-war-2-history\/\" rel=\"noopener\">titre <strong>The Washington Post<\/strong><\/a><strong> <\/strong>\u00e0 la veille du grand d\u00e9fil\u00e9 organis\u00e9 \u00e0 P\u00e9kin le 3\u00a0septembre, pour les 80\u00a0ans de la capitulation japonaise.<\/p>\n<p>\u201cEn marge du spectacle, une campagne plus discr\u00e8te est \u00e0 l\u2019\u0153uvre pour refa\u00e7onner l\u2019histoire de la guerre \u00e0 l\u2019aune des tensions g\u00e9opolitiques actuelles avec Washington\u201d, \u00e9crit le quotidien \u00e9tats-unien.<\/p>\n<p>Ce mardi, le pr\u00e9sident chinois Xi Jinping a \u00e9voqu\u00e9 aupr\u00e8s de son h\u00f4te et homologue russe Vladimir Poutine \u201cla grande responsabilit\u00e9 de la Chine et de la Russie en tant que principaux pays vainqueurs de la Seconde Guerre mondiale\u201d, rapporte le Washington Post d\u2019apr\u00e8s des images vid\u00e9o.<\/p>\n<p>En mai, lors de sa propre visite en Russie pour les c\u00e9l\u00e9brations de l\u2019anniversaire, Xi Jinping avait \u00e9crit dans un journal russe que la \u201cperspective historique correcte\u201d faisait de la Chine et de la Russie \u201cles th\u00e9\u00e2tres majeurs de cette guerre en Asie et en Europe\u201d et \u201cla colonne vert\u00e9brale dans la lutte contre le militarisme japonais et le nazisme allemand\u201d <a class=\"ithalc\" data-ithal=\"lien_externe\" data-ithalc=\"[nav_article]\" target=\"_blank\" href=\"https:\/\/www.rferl.org\/a\/china-russia-ukraine-world-war-parade-taiwan-trump\/33519502.html\" rel=\"noopener\">rappelle <strong>Radio Free Europe\/Radio Liberty<\/strong><\/a><strong>.<\/strong><\/p>\n<p> Des universitaires \u00e0 la culture populaire <\/p>\n<p>\u201c\u00c0 l\u2019approche des c\u00e9l\u00e9brations, plusieurs universitaires, m\u00e9dias et think tanks en phase avec l\u2019\u00c9tat chinois <\/p>\n","protected":false},"excerpt":{"rendered":"\u201cC\u00e9l\u00e9brant l\u2019anniversaire de la Seconde Guerre mondiale, la Chine cherche \u00e0 effacer le r\u00f4le des \u00c9tats-Unis dans la&hellip;\n","protected":false},"author":2,"featured_media":361364,"comment_status":"","ping_status":"","sticky":false,"template":"","format":"standard","meta":{"footnotes":""},"categories":[1591],"tags":[11,3822,6060,309,674,1887,1892,937,12,1885,1886,132,935,770],"class_list":{"0":"post-361363","1":"post","2":"type-post","3":"status-publish","4":"format-standard","5":"has-post-thumbnail","7":"category-russie","8":"tag-actualites","9":"tag-amu00e9riques","10":"tag-asie","11":"tag-chine","12":"tag-europe","13":"tag-federation-de-russie","14":"tag-gu00e9opolitique","15":"tag-histoire","16":"tag-news","17":"tag-russia","18":"tag-russian-federation","19":"tag-russie","20":"tag-seconde-guerre-mondiale","21":"tag-u00e9tats-unis"},"share_on_mastodon":{"url":"https:\/\/pubeurope.com\/@fr\/115136098947887801","error":""},"_links":{"self":[{"href":"https:\/\/www.europesays.com\/fr\/wp-json\/wp\/v2\/posts\/361363","targetHints":{"allow":["GET"]}}],"collection":[{"href":"https:\/\/www.europesays.com\/fr\/wp-json\/wp\/v2\/posts"}],"about":[{"href":"https:\/\/www.europesays.com\/fr\/wp-json\/wp\/v2\/types\/post"}],"author":[{"embeddable":true,"href":"https:\/\/www.europesays.com\/fr\/wp-json\/wp\/v2\/users\/2"}],"replies":[{"embeddable":true,"href":"https:\/\/www.europesays.com\/fr\/wp-json\/wp\/v2\/comments?post=361363"}],"version-history":[{"count":0,"href":"https:\/\/www.europesays.com\/fr\/wp-json\/wp\/v2\/posts\/361363\/revisions"}],"wp:featuredmedia":[{"embeddable":true,"href":"https:\/\/www.europesays.com\/fr\/wp-json\/wp\/v2\/media\/361364"}],"wp:attachment":[{"href":"https:\/\/www.europesays.com\/fr\/wp-json\/wp\/v2\/media?parent=361363"}],"wp:term":[{"taxonomy":"category","embeddable":true,"href":"https:\/\/www.europesays.com\/fr\/wp-json\/wp\/v2\/categories?post=361363"},{"taxonomy":"post_tag","embeddable":true,"href":"https:\/\/www.europesays.com\/fr\/wp-json\/wp\/v2\/tags?post=361363"}],"curies":[{"name":"wp","href":"https:\/\/api.w.org\/{rel}","templated":true}]}}