{"id":361365,"date":"2025-09-02T18:23:14","date_gmt":"2025-09-02T18:23:14","guid":{"rendered":"https:\/\/www.europesays.com\/fr\/361365\/"},"modified":"2025-09-02T18:23:14","modified_gmt":"2025-09-02T18:23:14","slug":"poutine-se-sent-menace-et-le-lourd-bilan-pour-les-soldats-nord-coreens","status":"publish","type":"post","link":"https:\/\/www.europesays.com\/fr\/361365\/","title":{"rendered":"Poutine se sent menac\u00e9 et le lourd bilan pour les soldats nord-cor\u00e9ens"},"content":{"rendered":"<p class=\"mb-4 text-lg md:leading-8 break-words\"><strong>R\u00e9cap &#8211; \u00ab 20 Minutes \u00bb fait le point pour vous tous les soirs sur le conflit en Ukraine. Ce mardi, Poutine s\u2019inqui\u00e8te pour la s\u00e9curit\u00e9 de la Russie, tandis que les soldats nord-cor\u00e9ens d\u00e9c\u00e9d\u00e9s sont finalement nombreux<\/strong><\/p>\n<p class=\"mb-4 text-lg md:leading-8 break-words\">Vous avez rat\u00e9 les derniers \u00e9v\u00e9nements sur la <a href=\"https:\/\/www.20minutes.fr\/monde\/ukraine\/?at_medium=RSS%20feed&amp;at_campaign=ynews&amp;utm_source=yahoo&amp;utm_medium=rss&amp;utm_campaign=news_feed&amp;utm_content=in_article_link\" rel=\"nofollow noopener\" target=\"_blank\" data-ylk=\"slk:guerre en Ukraine;elm:context_link;itc:0;sec:content-canvas\" class=\"link \">guerre en Ukraine<\/a> ? 20 Minutes fait le point pour vous tous les soirs. Voici l\u2019essentiel de ce mardi 2 septembre, 1.287e jour du conflit.<\/p>\n<p>Le fait du jour<\/p>\n<p class=\"mb-4 text-lg md:leading-8 break-words\">Il s\u2019estime toujours menac\u00e9. <a href=\"https:\/\/www.20minutes.fr\/monde\/vladimir_poutine\/?at_medium=RSS%20feed&amp;at_campaign=ynews&amp;utm_source=yahoo&amp;utm_medium=rss&amp;utm_campaign=news_feed&amp;utm_content=in_article_link\" rel=\"nofollow noopener\" target=\"_blank\" data-ylk=\"slk:Vladimir Poutine;elm:context_link;itc:0;sec:content-canvas\" class=\"link \">Vladimir Poutine<\/a> a d\u00e9clar\u00e9 ce mardi que la \u00ab s\u00e9curit\u00e9 \u00bb de la Russie ne devait pas \u00eatre compromise par un accord de paix avec l\u2019Ukraine, qui souhaite obtenir des garanties de s\u00e9curit\u00e9 pour dissuader Moscou de l\u2019envahir \u00e0 nouveau.<\/p>\n<p class=\"mb-4 text-lg md:leading-8 break-words\">\u00ab C\u2019est une d\u00e9cision propre \u00e0 l\u2019Ukraine de choisir comment assurer sa s\u00e9curit\u00e9 \u00bb, a affirm\u00e9 le pr\u00e9sident russe, lors d\u2019une rencontre avec le Premier ministre slovaque \u00e0 P\u00e9kin, diffus\u00e9e \u00e0 la t\u00e9l\u00e9vision. \u00ab Mais sa s\u00e9curit\u00e9 [\u2026] ne peut pas \u00eatre assur\u00e9e au d\u00e9triment de celle d\u2019autres pays, y compris la Russie \u00bb, a-t-il ajout\u00e9.<\/p>\n<p class=\"mb-4 text-lg md:leading-8 break-words\">Dans le m\u00eame temps, toujours depuis <a href=\"https:\/\/www.20minutes.fr\/dossier\/pekin?at_medium=RSS%20feed&amp;at_campaign=ynews&amp;utm_source=yahoo&amp;utm_medium=rss&amp;utm_campaign=news_feed&amp;utm_content=in_article_link\" rel=\"nofollow noopener\" target=\"_blank\" data-ylk=\"slk:P\u00e9kin;elm:context_link;itc:0;sec:content-canvas\" class=\"link \">P\u00e9kin<\/a>, Vladimir Poutine a confi\u00e9 mardi appr\u00e9cier \u00ab grandement \u00bb la diplomatie jug\u00e9e \u00ab ind\u00e9pendante \u00bb de la Slovaquie et sugg\u00e9r\u00e9 que ce pays coupe les livraisons d\u2019\u00e9nergie \u00e0 l\u2019Ukraine. Membre de l\u2019UE et de l\u2019Otan, la <a href=\"https:\/\/www.20minutes.fr\/dossier\/slovaquie?at_medium=RSS%20feed&amp;at_campaign=ynews&amp;utm_source=yahoo&amp;utm_medium=rss&amp;utm_campaign=news_feed&amp;utm_content=in_article_link\" rel=\"nofollow noopener\" target=\"_blank\" data-ylk=\"slk:Slovaquie;elm:context_link;itc:0;sec:content-canvas\" class=\"link \">Slovaquie<\/a> est tr\u00e8s fortement d\u00e9pendante du gaz russe. Robert Fico, connu pour ses positions pro-russes, a critiqu\u00e9 \u00e0 plusieurs reprises le soutien de Bruxelles \u00e0 l\u2019Ukraine.<\/p>\n<p>Le chiffre du jour<\/p>\n<p class=\"mb-4 text-lg md:leading-8 break-words\">2.000. C\u2019est l\u2019estimation du nombre de soldats nord-cor\u00e9ens qui ont \u00e9t\u00e9 tu\u00e9s dans le conflit russo-ukrainien, selon un d\u00e9put\u00e9 sud-cor\u00e9en ce mardi, citant des chiffres du Service de Renseignement National sud-cor\u00e9en (NIS). En avril, ils \u00ab estimaient le nombre de morts \u00e0 au(&#8230;)<\/p>\n<p class=\"mb-4 text-lg md:leading-8 break-words\"><a href=\"https:\/\/www.20minutes.fr\/monde\/ukraine\/4170837-20250902-guerre-ukraine-poutine-sent-menace-lourd-bilan-soldats-nord-coreens?at_medium=RSS%20feed&amp;at_campaign=ynews&amp;utm_source=yahoo&amp;utm_medium=rss&amp;utm_campaign=news_feed&amp;utm_content=read_more_link&quot;\" rel=\"nofollow noopener\" target=\"_blank\" data-ylk=\"slk:Lire la suite sur 20minutes;elm:context_link;itc:0;sec:content-canvas\" class=\"link \">Lire la suite sur 20minutes<\/a><\/p>\n<p>\u00c0 lire aussi :<br \/><a href=\"https:\/\/www.20minutes.fr\/monde\/ukraine\/4170776-20250902-depute-assassine-ukraine-suspect-passe-aveux-nie-tout-lien-russie?at_medium=RSS%20feed&amp;at_campaign=ynews&amp;utm_source=yahoo&amp;utm_medium=rss&amp;utm_campaign=news_feed&amp;utm_content=related_content_link\" rel=\"nofollow noopener\" target=\"_blank\" data-ylk=\"slk:D\u00e9put\u00e9 assassin\u00e9 en Ukraine : Le suspect passe aux aveux, mais nie tout lien avec la Russie;elm:context_link;itc:0;sec:content-canvas\" class=\"link \">D\u00e9put\u00e9 assassin\u00e9 en Ukraine : Le suspect passe aux aveux, mais nie tout lien avec la Russie<\/a><br \/><a href=\"https:\/\/www.20minutes.fr\/monde\/russie\/4170567-20250901-guerre-ukraine-poutine-accable-occident-armee-progresse?at_medium=RSS%20feed&amp;at_campaign=ynews&amp;utm_source=yahoo&amp;utm_medium=rss&amp;utm_campaign=news_feed&amp;utm_content=related_content_link\" rel=\"nofollow noopener\" target=\"_blank\" data-ylk=\"slk:Guerre en Ukraine : Poutine accable l\u2019Occident et son arm\u00e9e progresse;elm:context_link;itc:0;sec:content-canvas\" class=\"link \">Guerre en Ukraine : Poutine accable l\u2019Occident et son arm\u00e9e progresse<\/a><\/p>\n","protected":false},"excerpt":{"rendered":"R\u00e9cap &#8211; \u00ab 20 Minutes \u00bb fait le point pour vous tous les soirs sur le conflit en&hellip;\n","protected":false},"author":2,"featured_media":361366,"comment_status":"","ping_status":"","sticky":false,"template":"","format":"standard","meta":{"footnotes":""},"categories":[1590],"tags":[642,11,1777,674,45221,5493,12,2405,220],"class_list":{"0":"post-361365","1":"post","2":"type-post","3":"status-publish","4":"format-standard","5":"has-post-thumbnail","7":"category-ukraine","8":"tag-20-minutes","9":"tag-actualites","10":"tag-eu","11":"tag-europe","12":"tag-garanties-de-securite","13":"tag-lukraine","14":"tag-news","15":"tag-poutine","16":"tag-ukraine"},"share_on_mastodon":{"url":"https:\/\/pubeurope.com\/@fr\/115136102627279119","error":""},"_links":{"self":[{"href":"https:\/\/www.europesays.com\/fr\/wp-json\/wp\/v2\/posts\/361365","targetHints":{"allow":["GET"]}}],"collection":[{"href":"https:\/\/www.europesays.com\/fr\/wp-json\/wp\/v2\/posts"}],"about":[{"href":"https:\/\/www.europesays.com\/fr\/wp-json\/wp\/v2\/types\/post"}],"author":[{"embeddable":true,"href":"https:\/\/www.europesays.com\/fr\/wp-json\/wp\/v2\/users\/2"}],"replies":[{"embeddable":true,"href":"https:\/\/www.europesays.com\/fr\/wp-json\/wp\/v2\/comments?post=361365"}],"version-history":[{"count":0,"href":"https:\/\/www.europesays.com\/fr\/wp-json\/wp\/v2\/posts\/361365\/revisions"}],"wp:featuredmedia":[{"embeddable":true,"href":"https:\/\/www.europesays.com\/fr\/wp-json\/wp\/v2\/media\/361366"}],"wp:attachment":[{"href":"https:\/\/www.europesays.com\/fr\/wp-json\/wp\/v2\/media?parent=361365"}],"wp:term":[{"taxonomy":"category","embeddable":true,"href":"https:\/\/www.europesays.com\/fr\/wp-json\/wp\/v2\/categories?post=361365"},{"taxonomy":"post_tag","embeddable":true,"href":"https:\/\/www.europesays.com\/fr\/wp-json\/wp\/v2\/tags?post=361365"}],"curies":[{"name":"wp","href":"https:\/\/api.w.org\/{rel}","templated":true}]}}