{"id":361367,"date":"2025-09-02T18:24:16","date_gmt":"2025-09-02T18:24:16","guid":{"rendered":"https:\/\/www.europesays.com\/fr\/361367\/"},"modified":"2025-09-02T18:24:16","modified_gmt":"2025-09-02T18:24:16","slug":"algerie-usa-saidal-et-abbvie-signent-un-accord","status":"publish","type":"post","link":"https:\/\/www.europesays.com\/fr\/361367\/","title":{"rendered":"Alg\u00e9rie-USA \u00a0: Saidal et AbbVie signent un Accord\u00a0"},"content":{"rendered":"<p>Le paysage de l\u2019industrie pharmaceutique franchit une \u00e9tape d\u00e9cisive avec la signature d\u2019un protocole d\u2019accord (MOU) entre le Groupe Industriel SAIDAL Spa et le g\u00e9ant biopharmaceutique am\u00e9ricain AbbVie. Cet accord, sign\u00e9 en pr\u00e9sence de personnalit\u00e9s cl\u00e9s du secteur, marque le d\u00e9but d\u2019une collaboration strat\u00e9gique visant \u00e0 renforcer les comp\u00e9tences locales en mati\u00e8re de bio\u00e9quivalence et de recherche clinique.<\/p>\n<p>La c\u00e9r\u00e9monie de signature, qui s\u2019est d\u00e9roul\u00e9e au minist\u00e8re de l\u2019Industrie Pharmaceutique, a r\u00e9uni Wassim Kouidri, ministre de l\u2019Industrie Pharmaceutique, et Mme Nabila Ouaret, directrice g\u00e9n\u00e9rale du groupe Saidal. AbbVie \u00e9tait repr\u00e9sent\u00e9 par Mme Makhloufi Amal, directrice g\u00e9n\u00e9rale pour l\u2019Afrique du Nord, et M. Mohammad Aboubakr, vice-pr\u00e9sident pour la r\u00e9gion Moyen-Orient, Afrique et Eurasie.<\/p>\n<p>Un transfert de savoir-faire pour une souverainet\u00e9 renforc\u00e9e<\/p>\n<p>Ce partenariat in\u00e9dit se concentre initialement sur l\u2019accompagnement de SAIDAL par AbbVie. L\u2019objectif est de former et de d\u00e9velopper les comp\u00e9tences des \u00e9quipes du Centre de Bio\u00e9quivalence Equival Biocenter. Concr\u00e8tement, la collaboration se traduira par des programmes de formation certifiante, des ateliers et un transfert de savoir-faire cibl\u00e9 sur les \u00e9tudes de bio\u00e9quivalence et la recherche clinique.<\/p>\n<p>Au-del\u00e0 de cette phase initiale, le protocole d\u2019accord ouvre la voie \u00e0 une coop\u00e9ration plus large. D\u2019autres domaines strat\u00e9giques, comme les bonnes pratiques de production pharmaceutique, pourraient \u00e9galement \u00eatre inclus, renfor\u00e7ant ainsi l\u2019engagement des deux entreprises \u00e0 am\u00e9liorer les standards de l\u2019industrie en Alg\u00e9rie.<\/p>\n<p>Une vision commune pour l\u2019avenir de la sant\u00e9<\/p>\n<p>SAIDAL et AbbVie partagent une ambition commune : contribuer activement au d\u00e9veloppement du syst\u00e8me de sant\u00e9 alg\u00e9rien. Ce partenariat est une affirmation de leur volont\u00e9 d\u2019encourager l\u2019innovation et de garantir aux patients l\u2019acc\u00e8s \u00e0 des traitements fiables et de derni\u00e8re g\u00e9n\u00e9ration.<\/p>\n","protected":false},"excerpt":{"rendered":"Le paysage de l\u2019industrie pharmaceutique franchit une \u00e9tape d\u00e9cisive avec la signature d\u2019un protocole d\u2019accord (MOU) entre le&hellip;\n","protected":false},"author":2,"featured_media":361368,"comment_status":"","ping_status":"","sticky":false,"template":"","format":"standard","meta":{"footnotes":""},"categories":[1589],"tags":[11,73,1866,12,1864,1865,1863,308],"class_list":{"0":"post-361367","1":"post","2":"type-post","3":"status-publish","4":"format-standard","5":"has-post-thumbnail","7":"category-etats-unis","8":"tag-actualites","9":"tag-etats-unis","10":"tag-etats-unis-damerique","11":"tag-news","12":"tag-united-states","13":"tag-united-states-of-america","14":"tag-us","15":"tag-usa"},"share_on_mastodon":{"url":"https:\/\/pubeurope.com\/@fr\/115136106581776654","error":""},"_links":{"self":[{"href":"https:\/\/www.europesays.com\/fr\/wp-json\/wp\/v2\/posts\/361367","targetHints":{"allow":["GET"]}}],"collection":[{"href":"https:\/\/www.europesays.com\/fr\/wp-json\/wp\/v2\/posts"}],"about":[{"href":"https:\/\/www.europesays.com\/fr\/wp-json\/wp\/v2\/types\/post"}],"author":[{"embeddable":true,"href":"https:\/\/www.europesays.com\/fr\/wp-json\/wp\/v2\/users\/2"}],"replies":[{"embeddable":true,"href":"https:\/\/www.europesays.com\/fr\/wp-json\/wp\/v2\/comments?post=361367"}],"version-history":[{"count":0,"href":"https:\/\/www.europesays.com\/fr\/wp-json\/wp\/v2\/posts\/361367\/revisions"}],"wp:featuredmedia":[{"embeddable":true,"href":"https:\/\/www.europesays.com\/fr\/wp-json\/wp\/v2\/media\/361368"}],"wp:attachment":[{"href":"https:\/\/www.europesays.com\/fr\/wp-json\/wp\/v2\/media?parent=361367"}],"wp:term":[{"taxonomy":"category","embeddable":true,"href":"https:\/\/www.europesays.com\/fr\/wp-json\/wp\/v2\/categories?post=361367"},{"taxonomy":"post_tag","embeddable":true,"href":"https:\/\/www.europesays.com\/fr\/wp-json\/wp\/v2\/tags?post=361367"}],"curies":[{"name":"wp","href":"https:\/\/api.w.org\/{rel}","templated":true}]}}