{"id":361373,"date":"2025-09-02T18:27:14","date_gmt":"2025-09-02T18:27:14","guid":{"rendered":"https:\/\/www.europesays.com\/fr\/361373\/"},"modified":"2025-09-02T18:27:14","modified_gmt":"2025-09-02T18:27:14","slug":"leurope-centrale-visee-par-une-guerre-electronique-conduite-par-la-russie","status":"publish","type":"post","link":"https:\/\/www.europesays.com\/fr\/361373\/","title":{"rendered":"l\u2019Europe centrale vis\u00e9e par une guerre \u00e9lectronique conduite par la Russie"},"content":{"rendered":"<p>La pr\u00e9sidente de la Commission europ\u00e9enne se souviendra certainement de son atterrissage \u00e0 Plovdiv, en Bulgarie. Ursula von\u00a0der\u00a0Leyen poursuivait ce dimanche 31\u00a0ao\u00fbt une tourn\u00e9e de trois jours dans les pays d\u2019Europe centrale destin\u00e9e \u00e0 marquer le soutien de Bruxelles \u00e0 ces Etats, particuli\u00e8rement expos\u00e9s \u00e0 la menace russe. Elle avait pr\u00e9vu de visiter une usine de munitions produites particuli\u00e8rement pour l\u2019Ukraine. Mais alors que son avion s\u2019est approch\u00e9 de l\u2019a\u00e9roport, son signal GPS a disparu.<\/p>\n<p>Cet article est r\u00e9serv\u00e9 aux abonn\u00e9s<\/p>\n<p>\n                    Vous souhaitez lire la suite\u00a0? Abonnez-vous sans engagement \u00e0 notre offre num\u00e9rique\n                <\/p>\n<p>                <a href=\"https:\/\/www.la-croix.com\/abonnement\" class=\"default-paywall__subscribe-button\" data-tracking=\"cta_click\" data-tracking-action=\"voir la page abonnement\" data-tracking-category=\"abonnement\" rel=\"nofollow noopener\" target=\"_blank\">Je m&rsquo;abonne<\/a><\/p>\n","protected":false},"excerpt":{"rendered":"La pr\u00e9sidente de la Commission europ\u00e9enne se souviendra certainement de son atterrissage \u00e0 Plovdiv, en Bulgarie. Ursula von\u00a0der\u00a0Leyen&hellip;\n","protected":false},"author":2,"featured_media":361374,"comment_status":"","ping_status":"","sticky":false,"template":"","format":"standard","meta":{"footnotes":""},"categories":[1586],"tags":[11,1777,674,1011,27,12,25],"class_list":{"0":"post-361373","1":"post","2":"type-post","3":"status-publish","4":"format-standard","5":"has-post-thumbnail","7":"category-europe","8":"tag-actualites","9":"tag-eu","10":"tag-europe","11":"tag-fr","12":"tag-france","13":"tag-news","14":"tag-republique-francaise"},"share_on_mastodon":{"url":"https:\/\/pubeurope.com\/@fr\/115136118445837356","error":""},"_links":{"self":[{"href":"https:\/\/www.europesays.com\/fr\/wp-json\/wp\/v2\/posts\/361373","targetHints":{"allow":["GET"]}}],"collection":[{"href":"https:\/\/www.europesays.com\/fr\/wp-json\/wp\/v2\/posts"}],"about":[{"href":"https:\/\/www.europesays.com\/fr\/wp-json\/wp\/v2\/types\/post"}],"author":[{"embeddable":true,"href":"https:\/\/www.europesays.com\/fr\/wp-json\/wp\/v2\/users\/2"}],"replies":[{"embeddable":true,"href":"https:\/\/www.europesays.com\/fr\/wp-json\/wp\/v2\/comments?post=361373"}],"version-history":[{"count":0,"href":"https:\/\/www.europesays.com\/fr\/wp-json\/wp\/v2\/posts\/361373\/revisions"}],"wp:featuredmedia":[{"embeddable":true,"href":"https:\/\/www.europesays.com\/fr\/wp-json\/wp\/v2\/media\/361374"}],"wp:attachment":[{"href":"https:\/\/www.europesays.com\/fr\/wp-json\/wp\/v2\/media?parent=361373"}],"wp:term":[{"taxonomy":"category","embeddable":true,"href":"https:\/\/www.europesays.com\/fr\/wp-json\/wp\/v2\/categories?post=361373"},{"taxonomy":"post_tag","embeddable":true,"href":"https:\/\/www.europesays.com\/fr\/wp-json\/wp\/v2\/tags?post=361373"}],"curies":[{"name":"wp","href":"https:\/\/api.w.org\/{rel}","templated":true}]}}