{"id":361375,"date":"2025-09-02T18:28:17","date_gmt":"2025-09-02T18:28:17","guid":{"rendered":"https:\/\/www.europesays.com\/fr\/361375\/"},"modified":"2025-09-02T18:28:17","modified_gmt":"2025-09-02T18:28:17","slug":"les-confessions-terrifiantes-dalix-popham-ancien-rugbyman-professionnel-victime-de-100-000-coups-a-la-tete","status":"publish","type":"post","link":"https:\/\/www.europesays.com\/fr\/361375\/","title":{"rendered":"les confessions terrifiantes d\u2019Alix Popham, ancien rugbyman professionnel victime de 100.000 coups \u00e0 la t\u00eate"},"content":{"rendered":"<p>L\u2019ancien rugbyman Alix Popham a subi selon des neurologues quelque 100.000 coups \u00e0 la t\u00eate au cours de sa carri\u00e8re. Alors que son cerveau est gravement endommag\u00e9, il a d\u00e9cid\u00e9, avec d\u2019autres joueurs, de poursuivre plusieurs f\u00e9d\u00e9rations.<\/p>\n<p>C\u2019est un ph\u00e9nom\u00e8ne qui touche de plus en plus d\u2019anciens rugbymen professionnels, qui ont re\u00e7u un nombre tr\u00e8s important de chocs \u00e0 la t\u00eate au cours de leur carri\u00e8re. <a href=\"https:\/\/rmcsport.bfmtv.com\/rugby\/coupe-du-monde-de-rugby-2025-les-joueuses-porteront-des-protege-dents-lumineux-pour-detecter-les-commotions-cerebrales_AV-202508110547.html\" title=\"Coupe du monde de rugby 2025: les joueuses porteront des prot\u00e8ge-dents lumineux pour d\u00e9tecter les commotions c\u00e9r\u00e9brales\" class=\"internal_link\" rel=\"nofollow noopener\" target=\"_blank\">Les traumatismes cr\u00e2niens, ou commotions, sont l&rsquo;une des blessures les plus fr\u00e9quentes<\/a> dans le rugby professionnel. Et leur fr\u00e9quence augmente au fil des ann\u00e9es, parce que les joueurs sont devenus plus grands, plus lourds et plus rapides. Les collisions sont devenues plus violentes. Mais m\u00eame les petits coups \u00e0 la t\u00eate sont \u00e9galement tr\u00e8s dangereux, puisque ce sont des traumatismes subcommotionnels, qui peuvent causer des dommages au cerveau \u00e0 long terme et entra\u00eener des pertes de m\u00e9moire.<\/p>\n<p>C\u2019est ce qu\u2019Alix Popham est en train de vivre. L\u2019ancien international gallois a r\u00e9v\u00e9l\u00e9 au m\u00e9dia allemand <a href=\"https:\/\/www.spiegel.de\/international\/zeitgeist\/rugby-what-is-going-on-in-my-head-ex-professional-alix-popham-opens-up-about-his-damaged-brain-a-44ee9eb7-3c3f-4b61-9779-f770a0d3f095\" target=\"_blank\" class=\"external_link\" rel=\"nofollow noopener\">Spiegel<\/a> ne plus avoir de souvenirs. Pourtant, l\u2019ancien troisi\u00e8me ligne a connu des moments de gloire avec le XV du Poireau, notamment la victoire lors du Tournoi des VI nations en 2008. Un souvenir qu\u2019il garde en photo dans son salon.<\/p>\n<p>100.000 coups \u00e0 la t\u00eate<\/p>\n<p>Mais comment sa m\u00e9moire a-t-elle pu se d\u00e9t\u00e9riorer \u00e0 cette vitesse? Ses neurologues estiment qu&rsquo;au cours de ses 14 ann\u00e9es de carri\u00e8re de joueur professionnel, \u00e0 l&rsquo;entra\u00eenement comme en match, il a subi plus de 100.000 mini-secousses, explique Alix Popham. Au d\u00e9but, l&rsquo;effet est minime. Mais au fil des ans, il peut avoir un impact n\u00e9gatif sur la pens\u00e9e, les \u00e9motions et m\u00eame la respiration. Il y a cinq ans, les m\u00e9decins lui ont diagnostiqu\u00e9 une \u00ab\u00a0d\u00e9mence pr\u00e9coce, probablement due au syndrome d&rsquo;enc\u00e9phalopathie traumatique chronique (ETC)\u00a0\u00bb.<\/p>\n<p><img decoding=\"async\" src=\"https:\/\/www.europesays.com\/fr\/wp-content\/uploads\/2025\/05\/principale-94_3.jpg\"  alt=\"Les GG &quot;contre-attaque&quot; : D\u00e9clarations de Chabal, le sport de haut niveau est-il dangereux ? - 13\/04\" title=\"Les GG &quot;contre-attaque&quot; : D\u00e9clarations de Chabal, le sport de haut niveau est-il dangereux ? - 13\/04\"\/>Les GG \u00ab\u00a0contre-attaque\u00a0\u00bb : D\u00e9clarations de Chabal, le sport de haut niveau est-il dangereux ? &#8211; 13\/04<\/p>\n<p>Un diagnostic pos\u00e9 alors que les premiers sympt\u00f4mes sont apparus quelques mois auparavant: oubli de plus en plus fr\u00e9quent de dates et des noms, huit ans apr\u00e8s la fin de sa carri\u00e8re. De son propre aveu, il ne se souvient que de la date de son mariage. \u201cParfois, je me sens comme un imposteur, comme si ma carri\u00e8re n\u2019avait jamais eu lieu\u201d, confie Popham, aujourd\u2019hui \u00e2g\u00e9 de 45 ans.<\/p>\n<blockquote class=\"embed embed_quote\"><p>\u201cSi on \u00e9tait encore debout le week-end, on jouait. Si on voyait des \u00e9toiles, on nous donnait des sels odorants.\u201d<\/p><\/blockquote>\n<p>Aujourd\u2019hui, des sympt\u00f4mes apparaissent au quotidien, comme lorsqu\u2019il se met en col\u00e8re sans raison, qu\u2019il n\u2019arrive pas \u00e0 se souvenir de sa liste de courses ou qu\u2019il est pris de panique en pr\u00e9sence d\u2019un grand groupe de personnes. Pour \u00e9viter d\u2019oublier, il se d\u00e9p\u00eache m\u00eame de r\u00e9pondre aux messages.<\/p>\n<p>Des poursuites engag\u00e9es contre World Rugby et plusieurs f\u00e9d\u00e9rations<\/p>\n<p>Alix Popham est l\u2019un des tr\u00e8s nombreux anciens joueurs souffrant d\u2019ETC ou autres maladies neurod\u00e9g\u00e9n\u00e9ratives \u00e0 demander une compensation financi\u00e8re, comme ce qu\u2019a mis en place la Ligue nationale de football am\u00e9ricain en 2015, avec la cr\u00e9ation d\u2019un fonds de plusieurs milliards de dollars.<\/p>\n<p>Aujourd&rsquo;hui, <a href=\"https:\/\/rmcsport.bfmtv.com\/rugby\/commotions-cerebrales-plus-de-cent-rugbymen-internationaux-entament-une-action-en-justice-contre-world-rugby_AV-202311280757.html\" title=\"Commotions c\u00e9r\u00e9brales: plus de cent rugbymen internationaux entament une action en justice contre World Rugby\" class=\"internal_link\" rel=\"nofollow noopener\" target=\"_blank\">World Rugby fait face \u00e0 une pression accrue<\/a> pour suivre le mouvement, tout comme les f\u00e9d\u00e9rations nationales d&rsquo;Angleterre et du pays de Galles. D&rsquo;anciens professionnels les poursuivent en justice parce qu&rsquo;ils n&rsquo;ont pas r\u00e9ussi \u00e0 prot\u00e9ger leurs athl\u00e8tes des effets \u00e0 long terme des commotions c\u00e9r\u00e9brales et des coups r\u00e9p\u00e9t\u00e9s \u00e0 la t\u00eate.<\/p>\n","protected":false},"excerpt":{"rendered":"L\u2019ancien rugbyman Alix Popham a subi selon des neurologues quelque 100.000 coups \u00e0 la t\u00eate au cours de&hellip;\n","protected":false},"author":2,"featured_media":361376,"comment_status":"","ping_status":"","sticky":false,"template":"","format":"standard","meta":{"footnotes":""},"categories":[1586],"tags":[11,1777,674,1779,1011,27,12,25,1778,364],"class_list":{"0":"post-361375","1":"post","2":"type-post","3":"status-publish","4":"format-standard","5":"has-post-thumbnail","7":"category-europe","8":"tag-actualites","9":"tag-eu","10":"tag-europe","11":"tag-european-union","12":"tag-fr","13":"tag-france","14":"tag-news","15":"tag-republique-francaise","16":"tag-ue","17":"tag-union-europeenne"},"share_on_mastodon":{"url":"https:\/\/pubeurope.com\/@fr\/115136122746239221","error":""},"_links":{"self":[{"href":"https:\/\/www.europesays.com\/fr\/wp-json\/wp\/v2\/posts\/361375","targetHints":{"allow":["GET"]}}],"collection":[{"href":"https:\/\/www.europesays.com\/fr\/wp-json\/wp\/v2\/posts"}],"about":[{"href":"https:\/\/www.europesays.com\/fr\/wp-json\/wp\/v2\/types\/post"}],"author":[{"embeddable":true,"href":"https:\/\/www.europesays.com\/fr\/wp-json\/wp\/v2\/users\/2"}],"replies":[{"embeddable":true,"href":"https:\/\/www.europesays.com\/fr\/wp-json\/wp\/v2\/comments?post=361375"}],"version-history":[{"count":0,"href":"https:\/\/www.europesays.com\/fr\/wp-json\/wp\/v2\/posts\/361375\/revisions"}],"wp:featuredmedia":[{"embeddable":true,"href":"https:\/\/www.europesays.com\/fr\/wp-json\/wp\/v2\/media\/361376"}],"wp:attachment":[{"href":"https:\/\/www.europesays.com\/fr\/wp-json\/wp\/v2\/media?parent=361375"}],"wp:term":[{"taxonomy":"category","embeddable":true,"href":"https:\/\/www.europesays.com\/fr\/wp-json\/wp\/v2\/categories?post=361375"},{"taxonomy":"post_tag","embeddable":true,"href":"https:\/\/www.europesays.com\/fr\/wp-json\/wp\/v2\/tags?post=361375"}],"curies":[{"name":"wp","href":"https:\/\/api.w.org\/{rel}","templated":true}]}}