{"id":361379,"date":"2025-09-02T18:30:12","date_gmt":"2025-09-02T18:30:12","guid":{"rendered":"https:\/\/www.europesays.com\/fr\/361379\/"},"modified":"2025-09-02T18:30:12","modified_gmt":"2025-09-02T18:30:12","slug":"mouvement-du-10-septembre-greves-blocages-sabotages-la-note-dalerte-des-services-de-renseignement","status":"publish","type":"post","link":"https:\/\/www.europesays.com\/fr\/361379\/","title":{"rendered":"Mouvement du 10 septembre\u00a0: gr\u00e8ves, blocages, sabotages\u2026 La note d\u2019alerte des services de renseignement"},"content":{"rendered":"<p class=\"paragraph text_align_left lp-f-body-02\">La tension monte autour de \u00ab Bloquons tout \u00bb, <a href=\"https:\/\/www.leparisien.fr\/societe\/mobilisation-des-10-et-18-septembre-avions-trains-metro-qui-fait-greve-chez-les-syndicats-du-transport-30-08-2025-WGPBL2R245DHVOHJCAGYWNU7LY.php\" target=\"_blank\" rel=\"noreferrer nofollow noopener\">la mobilisation du 10 septembre<\/a>. Les renseignements territoriaux (RT) et la direction du renseignement de la pr\u00e9fecture de police de Paris ont diffus\u00e9 une note alarmante ce lundi 1er septembre, que le Parisien &#8211; Aujourd\u2019hui-en-France a pu consulter, dressant un \u00e9tat des lieux inqui\u00e9tant de la situation. Entre appels \u00e0 la gr\u00e8ve, <a href=\"https:\/\/www.leparisien.fr\/societe\/mouvement-du-10-septembre-le-principal-syndicat-lyceen-appelle-au-blocage-des-etablissements-25-08-2025-LPXWMHIDKZHGRFO5SJNXL4F6AI.php\" target=\"_blank\" rel=\"noreferrer nofollow noopener\">blocages<\/a> et actions de sabotage, les autorit\u00e9s se pr\u00e9parent \u00e0 un mouvement potentiellement explosif et aux contours encore tr\u00e8s incertains, voire instables.<\/p>\n<p class=\"paragraph text_align_left lp-f-body-02\">\u00ab L\u2019effervescence relev\u00e9e sur les r\u00e9seaux sociaux et dans certaines boucles crypt\u00e9es commence \u00e0 se traduire concr\u00e8tement sur le terrain \u00bb, expliquent les r\u00e9dacteurs du document. Quelques actions sont cit\u00e9es comme des sabotages de radars automatiques en Corr\u00e8ze ou en Sa\u00f4ne-et-Loire. Mais c\u2019est surtout la \u00ab dynamique \u00bb du mouvement qui inqui\u00e8te avec la multiplication des actions pr\u00e9paratoires \u00ab en tous points du territoire, dans les villages comme dans les grandes agglom\u00e9rations \u00bb.<\/p>\n","protected":false},"excerpt":{"rendered":"La tension monte autour de \u00ab Bloquons tout \u00bb, la mobilisation du 10 septembre. Les renseignements territoriaux (RT)&hellip;\n","protected":false},"author":2,"featured_media":361380,"comment_status":"","ping_status":"","sticky":false,"template":"","format":"standard","meta":{"footnotes":""},"categories":[2],"tags":[11,118,1011,27,12,316,25],"class_list":{"0":"post-361379","1":"post","2":"type-post","3":"status-publish","4":"format-standard","5":"has-post-thumbnail","7":"category-actualites","8":"tag-actualites","9":"tag-faits-divers","10":"tag-fr","11":"tag-france","12":"tag-news","13":"tag-politique","14":"tag-republique-francaise"},"share_on_mastodon":{"url":"https:\/\/pubeurope.com\/@fr\/115136130198608481","error":""},"_links":{"self":[{"href":"https:\/\/www.europesays.com\/fr\/wp-json\/wp\/v2\/posts\/361379","targetHints":{"allow":["GET"]}}],"collection":[{"href":"https:\/\/www.europesays.com\/fr\/wp-json\/wp\/v2\/posts"}],"about":[{"href":"https:\/\/www.europesays.com\/fr\/wp-json\/wp\/v2\/types\/post"}],"author":[{"embeddable":true,"href":"https:\/\/www.europesays.com\/fr\/wp-json\/wp\/v2\/users\/2"}],"replies":[{"embeddable":true,"href":"https:\/\/www.europesays.com\/fr\/wp-json\/wp\/v2\/comments?post=361379"}],"version-history":[{"count":0,"href":"https:\/\/www.europesays.com\/fr\/wp-json\/wp\/v2\/posts\/361379\/revisions"}],"wp:featuredmedia":[{"embeddable":true,"href":"https:\/\/www.europesays.com\/fr\/wp-json\/wp\/v2\/media\/361380"}],"wp:attachment":[{"href":"https:\/\/www.europesays.com\/fr\/wp-json\/wp\/v2\/media?parent=361379"}],"wp:term":[{"taxonomy":"category","embeddable":true,"href":"https:\/\/www.europesays.com\/fr\/wp-json\/wp\/v2\/categories?post=361379"},{"taxonomy":"post_tag","embeddable":true,"href":"https:\/\/www.europesays.com\/fr\/wp-json\/wp\/v2\/tags?post=361379"}],"curies":[{"name":"wp","href":"https:\/\/api.w.org\/{rel}","templated":true}]}}