{"id":361383,"date":"2025-09-02T18:32:09","date_gmt":"2025-09-02T18:32:09","guid":{"rendered":"https:\/\/www.europesays.com\/fr\/361383\/"},"modified":"2025-09-02T18:32:09","modified_gmt":"2025-09-02T18:32:09","slug":"trois-golfs-dexception-pour-profiter-de-lirlande-en-automne","status":"publish","type":"post","link":"https:\/\/www.europesays.com\/fr\/361383\/","title":{"rendered":"Trois golfs d\u2019exception pour profiter de l\u2019Irlande en automne"},"content":{"rendered":"<p data-module=\"fig-standfirst\" data-context=\"@media (min-width:48em)\"><strong>REPORTAGE <\/strong>&#8211; Le sud-ouest du pays compte parmi les plus beaux parcours du monde. Des links aux panoramas de carte postale \u00e0 jouer au moins une fois dans sa vie. Le\u00a0Figaro est parti \u00e0 la d\u00e9couverte de trois de ces joyaux.<\/p>\n<p class=\"fig-paragraph fig-paragraph--dropped\">L\u2019<a href=\"http:\/\/www.lefigaro.fr\/voyages\/dossier\/visiter-l-irlande-a-mon-rythme\" data-fig-type=\"Topic\" data-gtm-custom-categorie=\"navigation\" data-gtm-custom-action=\"crossclick\" data-gtm-custom-label=\"Contextuel\" data-gtm-event=\"customEventSPE\" data-fig-domain=\"LEFIGARO\" target=\"_blank\" rel=\"noopener\">Irlande<\/a>, terre de golf, est plus que jamais dans le vent. Particuli\u00e8rement le sud-ouest du pays, riche en links de l\u00e9gende. Il faut s\u2019y prendre \u00e0 l\u2019avance pour avoir le privil\u00e8ge de fouler leurs fairways dessin\u00e9s par les plus grands architectes du monde. Certes, les prix des green-fees ont augment\u00e9 ces derni\u00e8res ann\u00e9es mais l\u2019exp\u00e9rience est inoubliable.<\/p>\n<p class=\"fig-paragraph fig-paragraph--dropped\">Old Head, \u00e0 quelques kilom\u00e8tres du charmant port de Kinsale, est ainsi l\u2019un des parcours les plus spectaculaires de la plan\u00e8te et Ballybunion, sur l\u2019estuaire du Shannon, dans le comt\u00e9 de Kerry, l\u2019un des plus grands links au monde. Quant \u00e0 Tralee, \u00e0 120 kilom\u00e8tres de\u00a0<a href=\"http:\/\/www.lefigaro.fr\/voyages\/guides\/48-heures-a-cork-la-rebelle-irlandaise-20211209\" data-fig-type=\"Article\" data-gtm-custom-categorie=\"navigation\" data-gtm-custom-action=\"crossclick\" data-gtm-custom-label=\"Contextuel\" data-gtm-event=\"customEventSPE\" data-fig-domain=\"LEFIGARO\" target=\"_blank\" rel=\"noopener\">Cork<\/a>, il se r\u00e9v\u00e8le extr\u00eamement sc\u00e9nique. Visit\u00e9 guid\u00e9e.<\/p>\n<p>    Trident Hotel \u00e0 Kinsale<br \/>\n                Trident Hotel<\/p>\n<p>Old Head Links, un spectacle \u00e0 couper le souffle<\/p>\n<p class=\"fig-paragraph fig-paragraph--dropped\">Ce site unique est charg\u00e9 d\u2019histoire. Au XIIe\u00a0si\u00e8cle, les Vikings tent\u00e8rent d\u2019envahir l\u2019Irlande en accostant sur cette pointe. Th\u00e9\u00e2tre, en 1601, de la bataille de Kinsale, qui opposait les Irlandais et les Espagnols aux envahisseurs anglais. Plus tard, le 7 mai 1915, le paquebot anglais Lusitania, de retour de New York\u2026<\/p>\n<p class=\"fig-premium-paywall__infos\">\n        Cet article est r\u00e9serv\u00e9 aux abonn\u00e9s.        Il vous reste 88% \u00e0 d\u00e9couvrir.\n    <\/p>\n<p>                <img  data- alt=\"Le Figaro\" class=\"fig-img--complete fig-img\"\/><\/p>\n<p class=\"fig-premium-paywall__title\">Vente Flash<\/p>\n<p class=\"fig-premium-paywall__subtitle\">4,99\u20ac par mois pendant 12 mois. Sans engagement<\/p>\n<p class=\"fig-premium-paywall__connect\">\n                D\u00e9j\u00e0 abonn\u00e9\u00a0?                <a class=\"fig-premium-paywall__connect-link\" href=\"https:\/\/connect.lefigaro.fr\/login?client=golf_web&amp;type=main&amp;redirect_uri=https%3A%2F%2Fgolf.lefigaro.fr%2Ftrois-golfs-d-exception-pour-profiter-de-l-irlande-en-automne-20250902\" data-js-gtm=\"{&quot;customCategorie&quot;: &quot;conversion&quot;, &quot;customAction&quot;: &quot;before_Landing_Connexion_paywall_auto&quot;, &quot;customLabel&quot;: &quot;Z29sZi5sZWZpZ2Fyby5mcl9fMWYwODcwZWQtMmYwYS02NjY4LWFhYmUtMGYwMmZjMTI3YTJlX19BcnRpY2xl_Trois golfs d\u2019exception pour profiter de l\u2019Irlande en automne_321&quot;, &quot;customIDSPE&quot;: &quot;Z29sZi5sZWZpZ2Fyby5mcl9fMWYwODcwZWQtMmYwYS02NjY4LWFhYmUtMGYwMmZjMTI3YTJlX19BcnRpY2xl&quot;, &quot;event&quot;: &quot;customEventSPE&quot;}\" target=\"_blank\" rel=\"noopener\"><br \/>\n                    Connectez-vous<br \/>\n                <\/a>\n            <\/p>\n","protected":false},"excerpt":{"rendered":"REPORTAGE &#8211; Le sud-ouest du pays compte parmi les plus beaux parcours du monde. Des links aux panoramas&hellip;\n","protected":false},"author":2,"featured_media":361384,"comment_status":"","ping_status":"","sticky":false,"template":"","format":"standard","meta":{"footnotes":""},"categories":[1418],"tags":[1011,27,1472,516,60],"class_list":{"0":"post-361383","1":"post","2":"type-post","3":"status-publish","4":"format-standard","5":"has-post-thumbnail","7":"category-golf","8":"tag-fr","9":"tag-france","10":"tag-golf","11":"tag-irlande","12":"tag-sports"},"share_on_mastodon":{"url":"https:\/\/pubeurope.com\/@fr\/115136137955120750","error":""},"_links":{"self":[{"href":"https:\/\/www.europesays.com\/fr\/wp-json\/wp\/v2\/posts\/361383","targetHints":{"allow":["GET"]}}],"collection":[{"href":"https:\/\/www.europesays.com\/fr\/wp-json\/wp\/v2\/posts"}],"about":[{"href":"https:\/\/www.europesays.com\/fr\/wp-json\/wp\/v2\/types\/post"}],"author":[{"embeddable":true,"href":"https:\/\/www.europesays.com\/fr\/wp-json\/wp\/v2\/users\/2"}],"replies":[{"embeddable":true,"href":"https:\/\/www.europesays.com\/fr\/wp-json\/wp\/v2\/comments?post=361383"}],"version-history":[{"count":0,"href":"https:\/\/www.europesays.com\/fr\/wp-json\/wp\/v2\/posts\/361383\/revisions"}],"wp:featuredmedia":[{"embeddable":true,"href":"https:\/\/www.europesays.com\/fr\/wp-json\/wp\/v2\/media\/361384"}],"wp:attachment":[{"href":"https:\/\/www.europesays.com\/fr\/wp-json\/wp\/v2\/media?parent=361383"}],"wp:term":[{"taxonomy":"category","embeddable":true,"href":"https:\/\/www.europesays.com\/fr\/wp-json\/wp\/v2\/categories?post=361383"},{"taxonomy":"post_tag","embeddable":true,"href":"https:\/\/www.europesays.com\/fr\/wp-json\/wp\/v2\/tags?post=361383"}],"curies":[{"name":"wp","href":"https:\/\/api.w.org\/{rel}","templated":true}]}}