{"id":361385,"date":"2025-09-02T18:34:10","date_gmt":"2025-09-02T18:34:10","guid":{"rendered":"https:\/\/www.europesays.com\/fr\/361385\/"},"modified":"2025-09-02T18:34:10","modified_gmt":"2025-09-02T18:34:10","slug":"stade-toulousain-ils-me-prenaient-pour-un-potentiel-romeo-bonnard-martin-decouvrez-qui-est-ce-nouveau-fils-de","status":"publish","type":"post","link":"https:\/\/www.europesays.com\/fr\/361385\/","title":{"rendered":"Stade Toulousain\u00a0: \u00ab\u00a0Ils me prenaient pour un potentiel\u2026\u00a0\u00bb Rom\u00e9o Bonnard Martin, d\u00e9couvrez qui est ce nouveau \u00ab\u00a0fils de\u00a0\u00bb"},"content":{"rendered":"<p>\n                                                                    l&rsquo;essentiel<br \/>\n                                                                Lors de la grande revue d\u2019effectif \u00e0 laquelle le Stade Toulousain a proc\u00e9d\u00e9 lors des deux matchs de pr\u00e9paration, de nombreux petits nouveaux se sont fait remarquer. Parmi eux, un certain Rom\u00e9o Bonnard Martin.\n                            <\/p>\n<p>C\u2019est la sp\u00e9cialit\u00e9 du Stade Toulousain. La filiation. Leurs parents ont jou\u00e9 vingt ou trente ans auparavant dans l\u2019\u00e9lite et m\u00eame en \u00e9quipe de France\u00a0et c\u2019est\u00a0maintenant \u00e0 leur\u00a0tour. Refaisons un petit \u00e9tat des lieux sur l\u2019effectif actuel du Stade. Romain et Th\u00e9o Ntamack, fils d\u2019Emile\u00a0; Paul Costes, fils d\u2019Arnaud\u00a0; Alexandre Roumat, fils d\u2019Olivier\u00a0; Paul Graou, fils de St\u00e9phane, pilier droit international d\u2019Auch\u00a0; Joshua Brennan, fils de Trevor.<\/p>\n<p>Et voici maintenant Rom\u00e9o Bonnard Martin, qui vient de f\u00eater ses 19 ans\u00a0le 1er\u00a0septembre. C\u2019est le fils de R\u00e9my Martin, ancien troisi\u00e8me ligne international qui a fait quelques mis\u00e8res au Stade Toulousain du temps o\u00f9 il \u00e9voluait au Stade Fran\u00e7ais, de 2001 \u00e0 2008. R\u00e9my Martin a particip\u00e9 \u00e0 la Coupe du monde 2007 et a d\u00e9croch\u00e9 23 s\u00e9lections. Il a \u00e9galement \u00e9t\u00e9 sacr\u00e9 trois fois champion de France avec le Stade Fran\u00e7ais (2003, 2004 et 2007).<\/p>\n<p class=\"std-elt__inline\">\n        <strong>\u00c0 lire aussi :<\/strong><br \/>\n        <a href=\"https:\/\/www.ladepeche.fr\/2025\/09\/01\/stade-toulousain-antoine-dupont-thomas-ramos-romain-ntamack-le-point-sur-leffectif-avant-de-debuter-la-saison-de-top-14-a-clermont-12904447.php\" rel=\"nofollow noopener\" target=\"_blank\">Stade Toulousain\u00a0: Antoine Dupont, Thomas Ramos, Romain Ntamack\u2026 Le point sur l\u2019effectif avant de d\u00e9buter la saison de Top 14 \u00e0 Clermont<\/a>\n    <\/p>\n<p>Rom\u00e9o Bonnard Martin\u00a0a rejoint le club lors de la saison 2022\/2023 en cat\u00e9gorie Crabos avec laquelle il sera sacr\u00e9 champion de France 2023 et est entr\u00e9 au centre de formation en novembre\u00a02023, pour sa deuxi\u00e8me ann\u00e9e Crabos.\u00a0C\u2019est dans La D\u00e9p\u00eache du Midi qu\u2019il racontait son parcours\u00a0en juillet\u00a02024\u00a0: \u00ab\u00a0Apr\u00e8s mon ann\u00e9e \u00e0 Tyrosse, je devais aller au p\u00f4le espoirs de l\u2019Aviron Bayonnais. Mais le lyc\u00e9e en question (Ren\u00e9-Cassin) me demandait de redoubler ma Seconde malgr\u00e9 mon passage valid\u00e9 en Premi\u00e8re. Ce qui contrariait ma m\u00e8re, avec qui je vis. Entendant cela, le Stade Toulousain m\u2019a propos\u00e9 de venir, retrace le jeune joueur. Ce qui m\u2019a plu, c\u2019est qu\u2019ils me prenaient pour un potentiel, je pouvais donc progresser pleinement.\u00a0\u00bb Et quel potentiel pour ce grand gabarit d\u20191,96m qui a \u00e9t\u00e9 align\u00e9 au poste de deuxi\u00e8me ligne \u00e0 Vannes et au poste de troisi\u00e8me ligne \u00e0 Bayonne.<\/p>\n<p class=\"std-elt__inline\">\n        <strong>\u00c0 lire aussi :<\/strong><br \/>\n        <a href=\"https:\/\/www.ladepeche.fr\/2024\/07\/11\/juniors-crabos-lascension-remarquable-de-martin-bonnard-12075474.php\" rel=\"nofollow noopener\" target=\"_blank\">Juniors Crabos : l\u2019ascension remarquable de Martin-Bonnard<\/a>\n    <\/p>\n<p>L\u2019an dernier, il a disput\u00e9\u00a0sa premi\u00e8re saison en Espoirs. Et cet \u00e9t\u00e9, il a \u00e9t\u00e9\u00a0appel\u00e9 pour disputer la Coupe du Monde, jouant\u00a0notamment la petite finale\u00a0face \u00e0 l\u2019Argentine, face au nouveau pilier droit toulousain Tomas Rapetti. Actuellement sous contrat espoir, il s\u2019entra\u00eene d\u00e9sormais avec le groupe pro du Stade et continuera son apprentissage tout au long de la saison, au sein d\u2019un effectif cinq \u00e9toiles en deuxi\u00e8me et troisi\u00e8me ligne. Il a d\u00e9j\u00e0 s\u00e9duit Jean Bouilhou, entra\u00eeneur adjoint en charge des avants\u00a0: \u00ab\u00a0C\u2019est l\u2019exemple type du joueur qui arrive et dont on ne sait pas quel est son niveau athl\u00e9tique. Cela fait deux matchs qu\u2019il r\u00e9pond sur \u00e7a. Forc\u00e9ment, il y a encore un peu de travail parce qu\u2019il est tout jeune mais en tout cas, la base est l\u00e0. L\u2019engagement, l\u2019\u00e9tat d\u2019esprit, l\u2019envie de gagner, d\u2019avancer\u00a0: ce sont des bonnes bases pour progresser.\u00a0\u00bb<\/p>\n","protected":false},"excerpt":{"rendered":"l&rsquo;essentiel Lors de la grande revue d\u2019effectif \u00e0 laquelle le Stade Toulousain a proc\u00e9d\u00e9 lors des deux matchs&hellip;\n","protected":false},"author":2,"featured_media":361386,"comment_status":"","ping_status":"","sticky":false,"template":"","format":"standard","meta":{"footnotes":""},"categories":[1416],"tags":[1011,27,479,1468,60],"class_list":{"0":"post-361385","1":"post","2":"type-post","3":"status-publish","4":"format-standard","5":"has-post-thumbnail","7":"category-rugby","8":"tag-fr","9":"tag-france","10":"tag-rugby","11":"tag-rugby-football","12":"tag-sports"},"share_on_mastodon":{"url":"https:\/\/pubeurope.com\/@fr\/115136145951049418","error":""},"_links":{"self":[{"href":"https:\/\/www.europesays.com\/fr\/wp-json\/wp\/v2\/posts\/361385","targetHints":{"allow":["GET"]}}],"collection":[{"href":"https:\/\/www.europesays.com\/fr\/wp-json\/wp\/v2\/posts"}],"about":[{"href":"https:\/\/www.europesays.com\/fr\/wp-json\/wp\/v2\/types\/post"}],"author":[{"embeddable":true,"href":"https:\/\/www.europesays.com\/fr\/wp-json\/wp\/v2\/users\/2"}],"replies":[{"embeddable":true,"href":"https:\/\/www.europesays.com\/fr\/wp-json\/wp\/v2\/comments?post=361385"}],"version-history":[{"count":0,"href":"https:\/\/www.europesays.com\/fr\/wp-json\/wp\/v2\/posts\/361385\/revisions"}],"wp:featuredmedia":[{"embeddable":true,"href":"https:\/\/www.europesays.com\/fr\/wp-json\/wp\/v2\/media\/361386"}],"wp:attachment":[{"href":"https:\/\/www.europesays.com\/fr\/wp-json\/wp\/v2\/media?parent=361385"}],"wp:term":[{"taxonomy":"category","embeddable":true,"href":"https:\/\/www.europesays.com\/fr\/wp-json\/wp\/v2\/categories?post=361385"},{"taxonomy":"post_tag","embeddable":true,"href":"https:\/\/www.europesays.com\/fr\/wp-json\/wp\/v2\/tags?post=361385"}],"curies":[{"name":"wp","href":"https:\/\/api.w.org\/{rel}","templated":true}]}}