{"id":361388,"date":"2025-09-02T18:36:14","date_gmt":"2025-09-02T18:36:14","guid":{"rendered":"https:\/\/www.europesays.com\/fr\/361388\/"},"modified":"2025-09-02T18:36:14","modified_gmt":"2025-09-02T18:36:14","slug":"le-francais-alexandre-sarr-forfait-pour-le-reste-de-la-competition","status":"publish","type":"post","link":"https:\/\/www.europesays.com\/fr\/361388\/","title":{"rendered":"le Fran\u00e7ais Alexandre Sarr forfait pour le reste de la comp\u00e9tition"},"content":{"rendered":"\n<p class=\"c-chapo \">\n  Touch\u00e9 au mollet, l&rsquo;int\u00e9rieur tricolore ne reviendra pas sur le terrain durant la comp\u00e9tition, a annonc\u00e9 la F\u00e9d\u00e9ration fran\u00e7aise de basket mardi, \u00e0 quelques heures du match face \u00e0 la Pologne.\n<\/p>\n<p>            lire plus tard<\/p>\n<p id=\"dialog__title\" class=\"dialog__title\">Pour sauvegarder cet article, connectez-vous ou cr\u00e9ez un compte franceinfo<\/p>\n<p class=\"dialog__description\">Sans paiement. Sans abonnement.<\/p>\n<p>        Fermer la fen\u00eatre d\u2019activation des notifications France Info<\/p>\n<p>            cr\u00e9er votre compte<\/p>\n<p>            se connecter<\/p>\n<p>        Fermer la fen\u00eatre de pr\u00e9sentation<\/p>\n<p>    <img loading=\"lazy\" decoding=\"async\" class=\"signature__image lazyload\" width=\"100\" height=\"100\" data- alt=\"\" src=\"https:\/\/www.europesays.com\/fr\/wp-content\/uploads\/2025\/07\/logosport-fond-blanc-68664bf99f8a0368288482.jpg\"\/><\/p>\n<p>          France T\u00e9l\u00e9visions &#8211; R\u00e9daction Sport<\/p>\n<p>    Publi\u00e9 le 02\/09\/2025 18:51<\/p>\n<p>        Temps de lecture : 1min<\/p>\n<p>    <img decoding=\"async\"  alt=\"Le joueur tricolore Alexandre Sarr lors de France-Slov\u00e9nie, le 30 ao\u00fbt 2025, lors de l'Euro de basket. (MARCIN GOLBA \/ AFP)\" width=\"432\" height=\"243\" src=\"https:\/\/www.europesays.com\/fr\/wp-content\/uploads\/2025\/09\/075-golba-francevs250830-npywq-68b71e1bbd95e726895685.jpg\" fetchpriority=\"high\"\/><\/p>\n<p>      Le joueur tricolore Alexandre Sarr lors de France-Slov\u00e9nie, le 30 ao\u00fbt 2025, lors de l&rsquo;Euro de basket. (MARCIN GOLBA \/ AFP)<\/p>\n<p>Nouveau coup dur pour <a href=\"https:\/\/www.franceinfo.fr\/sports\/basket\/euro\/eurobasket-2025-une-equipe-de-france-pleine-de-fraicheur-malgre-l-absence-de-victor-wembanyama-rudy-gobert-et-evan-fournier_7435264.html\" target=\"_blank\" rel=\"noopener\">l&rsquo;\u00e9quipe de France<\/a>\u00a0: l&rsquo;int\u00e9rieur tricolore Alexandre Sarr, touch\u00e9 au mollet, est forfait pour la suite de l&rsquo;Euro de basket, a indiqu\u00e9 la F\u00e9d\u00e9ration fran\u00e7aise (FFBB) mardi 2 septembre. En amont de la comp\u00e9tition, ses co\u00e9quipiers Victor Wembanyama, Rudy Gobert, Mathias Lessort, et derni\u00e8rement Vincent Poirier, tous du secteur int\u00e9rieur, avaient d\u00e9j\u00e0 renonc\u00e9 \u00e0 participer.<\/p>\n<p>Le joueur de 20\u00a0ans, qui disputait \u00e0 Katowice (Pologne) sa premi\u00e8re comp\u00e9tition internationale avec l&rsquo;\u00e9quipe senior des Bleus, a \u00e9t\u00e9 touch\u00e9 au mollet gauche samedi <a href=\"https:\/\/www.franceinfo.fr\/sports\/basket\/euro\/eurobasket-deuxieme-succes-pour-les-bleus-vainqueurs-au-forceps-face-a-la-slovenie-de-luka-doncic_7463569.html\" target=\"_blank\" rel=\"noopener\">contre la Slov\u00e9nie<\/a>. Il avait ensuite \u00e9t\u00e9 laiss\u00e9 au repos le lendemain pour <a href=\"https:\/\/www.franceinfo.fr\/sports\/basket\/euro\/les-basketteurs-francais-sechement-battus-par-israel-mais-toujours-en-course-pour-la-qualification-en-huitiemes-de-finale-de-l-euro_7465330.html\" target=\"_blank\" rel=\"noopener\">le match contre Isra\u00ebl, perdu par la France (69-82)<\/a>.\u00a0\u00ab\u00a0Le staff m\u00e9dical a pu, depuis, proc\u00e9der \u00e0 divers examens qui ont r\u00e9v\u00e9l\u00e9 une l\u00e9sion dont le d\u00e9lai de cicatrisation est incompatible\u00a0\u00bb avec sa participation \u00e0 la suite de l&rsquo;Euro, a justifi\u00e9 la FFBB dans un communiqu\u00e9.<\/p>\n<p>Lundi, le s\u00e9lectionneur Fr\u00e9d\u00e9ric Fauthoux avait \u00e9voqu\u00e9 des examens m\u00e9dicaux \u00e0 passer et une petite chance de le revoir contre la Pologne ce mardi. Mais Alexandre Sarr ne s&rsquo;\u00e9tait ensuite pas entra\u00een\u00e9 avec ses co\u00e9quipiers.<\/p>\n","protected":false},"excerpt":{"rendered":"Touch\u00e9 au mollet, l&rsquo;int\u00e9rieur tricolore ne reviendra pas sur le terrain durant la comp\u00e9tition, a annonc\u00e9 la F\u00e9d\u00e9ration&hellip;\n","protected":false},"author":2,"featured_media":361389,"comment_status":"","ping_status":"","sticky":false,"template":"","format":"standard","meta":{"footnotes":""},"categories":[1414],"tags":[1465,1464,1011,27,60],"class_list":{"0":"post-361388","1":"post","2":"type-post","3":"status-publish","4":"format-standard","5":"has-post-thumbnail","7":"category-basket","8":"tag-basket","9":"tag-basketball","10":"tag-fr","11":"tag-france","12":"tag-sports"},"share_on_mastodon":{"url":"https:\/\/pubeurope.com\/@fr\/115136154251360057","error":""},"_links":{"self":[{"href":"https:\/\/www.europesays.com\/fr\/wp-json\/wp\/v2\/posts\/361388","targetHints":{"allow":["GET"]}}],"collection":[{"href":"https:\/\/www.europesays.com\/fr\/wp-json\/wp\/v2\/posts"}],"about":[{"href":"https:\/\/www.europesays.com\/fr\/wp-json\/wp\/v2\/types\/post"}],"author":[{"embeddable":true,"href":"https:\/\/www.europesays.com\/fr\/wp-json\/wp\/v2\/users\/2"}],"replies":[{"embeddable":true,"href":"https:\/\/www.europesays.com\/fr\/wp-json\/wp\/v2\/comments?post=361388"}],"version-history":[{"count":0,"href":"https:\/\/www.europesays.com\/fr\/wp-json\/wp\/v2\/posts\/361388\/revisions"}],"wp:featuredmedia":[{"embeddable":true,"href":"https:\/\/www.europesays.com\/fr\/wp-json\/wp\/v2\/media\/361389"}],"wp:attachment":[{"href":"https:\/\/www.europesays.com\/fr\/wp-json\/wp\/v2\/media?parent=361388"}],"wp:term":[{"taxonomy":"category","embeddable":true,"href":"https:\/\/www.europesays.com\/fr\/wp-json\/wp\/v2\/categories?post=361388"},{"taxonomy":"post_tag","embeddable":true,"href":"https:\/\/www.europesays.com\/fr\/wp-json\/wp\/v2\/tags?post=361388"}],"curies":[{"name":"wp","href":"https:\/\/api.w.org\/{rel}","templated":true}]}}