{"id":36139,"date":"2025-04-19T09:23:08","date_gmt":"2025-04-19T09:23:08","guid":{"rendered":"https:\/\/www.europesays.com\/fr\/36139\/"},"modified":"2025-04-19T09:23:08","modified_gmt":"2025-04-19T09:23:08","slug":"motogp-2025-au-qatar-marquez-admirable-amiral","status":"publish","type":"post","link":"https:\/\/www.europesays.com\/fr\/36139\/","title":{"rendered":"MotoGP 2025 au Qatar : Marquez admirable amiral\u2026"},"content":{"rendered":"<p>Ce GP est parti de curieuse fa\u00e7on. Les fr\u00e8res Marquez se sont accroch\u00e9s, Morbidelli les a doubl\u00e9s. Il leur met tout de suite un boulevard. Derri\u00e8re Bagnaia remonte comme un furieux, il a d\u00e9j\u00e0 pass\u00e9 quatre pilotes au premier tour. Un peu une remont\u00e9e \u00e0 la Marquez ! Marquez commence \u00e0 construire sa course. Il pr\u00e9cisera \u00e0 l&rsquo;arriv\u00e9e que Morbi devant ne le g\u00eanait pas il savait que les pneus Medium ne pouvaient pas attaquer sur 22 tours. Il g\u00e8re, pendant ce temps Bagnaia remonte, Alex Marquez fait deux erreurs, il est largu\u00e9 et doit faire un long lap. Marquez est vite seul avec Bagnaia. On attend tellement cette baston-l\u00e0 ! Morbi est repris mais un quatri\u00e8me larron se m\u00eale \u00e0 la f\u00eate, Vinales, qui r\u00e9ussit \u00e0 doubler tout le monde et \u00e0 mener la course. Il est pass\u00e9 \u00e0 c\u00f4t\u00e9 d&rsquo;un \u00e9norme coup car ayant gagn\u00e9, il aurait \u00e9t\u00e9 vainqueur de GP sur quatre marques diff\u00e9rentes ! Ce qui n&rsquo;aura pas lieu. La machine Marquez se met en marche, la baston avec Bagnaia sera courte, l&rsquo;Italien est pass\u00e9 leader un moment mais Marquez repasse vite&#8230; <strong>Marc dit \u00e0 la fin que quand il a senti Bagnaia derri\u00e8re lui, il a pens\u00e9 que c&rsquo;est l\u00e0 que la course commen\u00e7ait, \u00e9norme phrase !<\/strong> Et la machine \u00e0 triomphes se met en place, il passe Vinales, il envoie du gaz en folie, bat deux fois le record du tout en course en fin de GP, termine vainqueur avec deux petites secondes d&rsquo;avance sur Vinales, plus de quatre sur Bagnaia. Derri\u00e8re, un autre truc \u00e9norme se passe, <strong>Zarco, sur la ligne de d\u00e9part, avait dit \u00e0 MotoGP TV que si ses pneus tenaient il sentait le Top Five. Il a failli manger Morbidelli et s&rsquo;est d\u00e9fendu avec rage contre Aldeguer, il termine cinq, pour lui, pour Honda c&rsquo;est le pont de la f\u00e9licit\u00e9<\/strong>&#8230; Quartararo termine huit, parti trois il savait que sa moto est ph\u00e9nom\u00e9nale en tour rapide mais pas en rythme de course. Logique donc. Bilan Marc Marquez repasse franchement leader au mondial, Zarco gagne une place et est six au g\u00e9n\u00e9ral, c&rsquo;est une tr\u00e8s belle nuit de d\u00e9sert. On a vu auparavant une tr\u00e8s belle course en Moto3 qui s&rsquo;est termin\u00e9e avec un \u00e9cart de neuf milli\u00e8mes de seconde entre Piqueras et Furosato. Belle ouverture d&rsquo;un tr\u00e8s beau GP.<\/p>\n","protected":false},"excerpt":{"rendered":"Ce GP est parti de curieuse fa\u00e7on. Les fr\u00e8res Marquez se sont accroch\u00e9s, Morbidelli les a doubl\u00e9s. Il&hellip;\n","protected":false},"author":2,"featured_media":30192,"comment_status":"","ping_status":"","sticky":false,"template":"","format":"standard","meta":{"footnotes":""},"categories":[1413],"tags":[17,1462,4266,1011,27,4922,1579,1461,11652,1457,1456,1458,1463,11653,60,4921,11651],"class_list":{"0":"post-36139","1":"post","2":"type-post","3":"status-publish","4":"format-standard","5":"has-post-thumbnail","7":"category-moto","8":"tag-17","9":"tag-bagnaia","10":"tag-ducati","11":"tag-fr","12":"tag-france","13":"tag-honda","14":"tag-ktm","15":"tag-marc-marquez","16":"tag-maverick-vinales","17":"tag-moto","18":"tag-motocycle","19":"tag-motogp","20":"tag-qatar","21":"tag-quartararo","22":"tag-sports","23":"tag-yamaha","24":"tag-zarco"},"share_on_mastodon":{"url":"https:\/\/pubeurope.com\/@fr\/114363905002965306","error":""},"_links":{"self":[{"href":"https:\/\/www.europesays.com\/fr\/wp-json\/wp\/v2\/posts\/36139","targetHints":{"allow":["GET"]}}],"collection":[{"href":"https:\/\/www.europesays.com\/fr\/wp-json\/wp\/v2\/posts"}],"about":[{"href":"https:\/\/www.europesays.com\/fr\/wp-json\/wp\/v2\/types\/post"}],"author":[{"embeddable":true,"href":"https:\/\/www.europesays.com\/fr\/wp-json\/wp\/v2\/users\/2"}],"replies":[{"embeddable":true,"href":"https:\/\/www.europesays.com\/fr\/wp-json\/wp\/v2\/comments?post=36139"}],"version-history":[{"count":0,"href":"https:\/\/www.europesays.com\/fr\/wp-json\/wp\/v2\/posts\/36139\/revisions"}],"wp:featuredmedia":[{"embeddable":true,"href":"https:\/\/www.europesays.com\/fr\/wp-json\/wp\/v2\/media\/30192"}],"wp:attachment":[{"href":"https:\/\/www.europesays.com\/fr\/wp-json\/wp\/v2\/media?parent=36139"}],"wp:term":[{"taxonomy":"category","embeddable":true,"href":"https:\/\/www.europesays.com\/fr\/wp-json\/wp\/v2\/categories?post=36139"},{"taxonomy":"post_tag","embeddable":true,"href":"https:\/\/www.europesays.com\/fr\/wp-json\/wp\/v2\/tags?post=36139"}],"curies":[{"name":"wp","href":"https:\/\/api.w.org\/{rel}","templated":true}]}}