{"id":361390,"date":"2025-09-02T18:37:10","date_gmt":"2025-09-02T18:37:10","guid":{"rendered":"https:\/\/www.europesays.com\/fr\/361390\/"},"modified":"2025-09-02T18:37:10","modified_gmt":"2025-09-02T18:37:10","slug":"motogp-loris-capirossi-croit-en-une-reconciliation-rossi-marquez-le-temps-finit-toujours-par-apaiser-les-tensions","status":"publish","type":"post","link":"https:\/\/www.europesays.com\/fr\/361390\/","title":{"rendered":"MotoGP, Loris Capirossi croit en une r\u00e9conciliation Rossi\u2013Marquez : \u00ab\u00a0le temps finit toujours par apaiser les tensions\u00a0\u00bb"},"content":{"rendered":"<p><strong>La querelle historique entre Valentino Rossi et Marc<br \/>\nMarquez continue d\u2019alimenter les conversations du paddock. Mais<br \/>\npour Loris Capirossi, triple champion du monde et t\u00e9moin de<br \/>\nnombreuses rivalit\u00e9s en piste, le temps finira par adoucir m\u00eame les<br \/>\nblessures les plus profondes.<\/strong><\/p>\n<p>L\u2019Italien en sait quelque chose : en <strong>1998<\/strong>, lors<br \/>\nde la finale 250cc en Argentine, il avait provoqu\u00e9 l\u2019un des<br \/>\n\u00e9pisodes les plus controvers\u00e9s de l\u2019histoire de la moto en envoyant<br \/>\n<a href=\"https:\/\/www.paddock-gp.com\/memorabilia-motogp-les-collections-tetsuya-harada-et-shinya-nakano-sont-en-vente\/\" target=\"_blank\" rel=\"noopener\"><br \/>\n<strong>Tetsuya Harada<\/strong><\/a> au tapis dans le dernier<br \/>\nvirage, s\u2019adjugeant le titre.<\/p>\n<p>Malgr\u00e9 la tension extr\u00eame n\u00e9e de ce contact violent \u2013 qui lui<br \/>\navait valu un retrait de points par la FIM (plus tard annul\u00e9 en<br \/>\njustice) et un licenciement d\u2019Aprilia \u2013 <strong>Capirossi<\/strong><br \/>\nsouligne aujourd\u2019hui que sa relation avec <strong>Harada<\/strong> a<br \/>\n\u00e9volu\u00e9 :<\/p>\n<p>\u00ab Aujourd\u2019hui, <strong>nous sommes de grands amis<\/strong>.<br \/>\nIl y avait une forte rivalit\u00e9, et l\u2019histoire est bien connue, mais<br \/>\n<strong>le temps remet toujours les choses en place<\/strong> quand<br \/>\non arr\u00eate la comp\u00e9tition et qu\u2019on n\u2019est plus adversaires, mais<br \/>\nanciens coll\u00e8gues. \u00bb<\/p>\n<p>L\u2019amiti\u00e9 n\u00e9e avec <strong>Harada<\/strong> d\u00e9passe d\u00e9sormais la<br \/>\npiste : \u00ab <strong>une belle amiti\u00e9 est n\u00e9e<\/strong>,<br \/>\nm\u00eame entre familles, et tout a \u00e9t\u00e9 facilit\u00e9 par le fait que nous<br \/>\nsoyons quasiment voisins. \u00bb<\/p>\n<p><img loading=\"lazy\" decoding=\"async\" class=\"aligncenter size-full wp-image-1324401\" src=\"https:\/\/www.europesays.com\/fr\/wp-content\/uploads\/2025\/09\/Capirex.jpg\" alt=\"Loris Capirossi \" width=\"627\" height=\"486\"  \/><\/p>\n<p><strong>Loris Capirossi\u00a0:<br \/>\n\u00ab\u00a0de Stoner \u00e0 Biaggi : Rossi a d\u00e9j\u00e0 tourn\u00e9 d\u2019autres<br \/>\npages\u00a0\u00bb<\/strong><\/p>\n<p><strong>Capirossi<\/strong> s\u2019appuie sur d\u2019autres exemples pour<br \/>\nillustrer son optimisme : \u00ab je pense que Rossi et Marquez<br \/>\nfiniront par faire la paix. T\u00f4t ou tard, ils devront la faire, du<br \/>\nmoins je l\u2019esp\u00e8re. \u00bb<\/p>\n<p>Et d\u2019ajouter sur <a href=\"https:\/\/www.crash.net\/motogp\/news\/1079663\/1\/i-made-peace-my-rivalry-valentino-rossi-and-marc-marquez-will-also-stop\" target=\"_blank\" rel=\"noopener\"><br \/>\ncrash.net<\/a> : \u00ab prenons l\u2019exemple de Casey Stoner ou de Jorge<br \/>\nLorenzo lui-m\u00eame : Valentino les a \u00e9galement invit\u00e9s au Ranch et<br \/>\nmaintenant, tout cela est derri\u00e8re lui. Il y a de l\u2019estime, de<br \/>\nl\u2019amiti\u00e9, du respect et le fier souvenir de ce que c\u2019\u00e9tait.<br \/>\n\u00bb<\/p>\n<p>M\u00eame avec <a href=\"https:\/\/www.paddock-gp.com\/motogp-max-biaggi-voit-en-jorge-martin-un-miroir-de-sa-propre-histoire-avec-aprilia-on-peut-retomber-amoureux\/\" target=\"_blank\" rel=\"noopener\"><br \/>\n<strong>Max Biaggi<\/strong><\/a>, autrefois ennemi jur\u00e9,<br \/>\n<strong>Rossi<\/strong> partage d\u00e9sormais des rires sur leur<br \/>\nrivalit\u00e9 pass\u00e9e : \u00ab le temps arrange toujours les choses quand<br \/>\non ne court plus, et je pense, et j\u2019esp\u00e8re m\u00eame, <strong>qu\u2019il en<br \/>\nsera de m\u00eame entre Vale et Marc<\/strong>. \u00bb<\/p>\n<p>Capirossi conclut avec une pointe de r\u00e9alisme mais sans perdre<br \/>\nl\u2019espoir : \u00ab bon, peut-\u00eatre que ce ne sera pas comme \u00e7a, mais<br \/>\nle temps apaise toutes les tensions. \u00bb<\/p>\n<p>Pour l\u2019ancien pilote <strong>Ducati<\/strong>, la rivalit\u00e9<br \/>\n<a href=\"https:\/\/www.paddock-gp.com\/motogp-autriche-marquez-et-rossi-se-sont-croises-dans-la-pitlane-je-ne-lai-pas-vu-je-le-jure\/\" target=\"_blank\" rel=\"noopener\"><br \/>\n<strong>Rossi\u2013Marquez<\/strong><\/a>, aussi f\u00e9roce et marquante<br \/>\nsoit-elle, finira par se transformer, comme tant d\u2019autres, en<br \/>\nrespect mutuel et m\u00e9moire partag\u00e9e. En attendant, le paddock<br \/>\nretiendra la le\u00e7on du sage de <strong>52 ans<\/strong> : aucune<br \/>\nrivalit\u00e9 n\u2019est \u00e9ternelle. M\u00eame les guerres les plus fratricides<br \/>\nfinissent par devenir\u2026 des histoires \u00e0 raconter \u00e0 ses<br \/>\npetits-enfants.<\/p>\n<p><img loading=\"lazy\" decoding=\"async\" class=\"aligncenter size-full wp-image-1319800\" src=\"https:\/\/www.europesays.com\/fr\/wp-content\/uploads\/2025\/09\/Marquez-Rossi-.jpg\" alt=\"Marquez Rossi\" width=\"552\" height=\"314\"  \/><\/p>\n","protected":false},"excerpt":{"rendered":"La querelle historique entre Valentino Rossi et Marc Marquez continue d\u2019alimenter les conversations du paddock. Mais pour Loris&hellip;\n","protected":false},"author":2,"featured_media":361391,"comment_status":"","ping_status":"","sticky":false,"template":"","format":"standard","meta":{"footnotes":""},"categories":[1413],"tags":[1011,27,1457,1456,60],"class_list":{"0":"post-361390","1":"post","2":"type-post","3":"status-publish","4":"format-standard","5":"has-post-thumbnail","7":"category-moto","8":"tag-fr","9":"tag-france","10":"tag-moto","11":"tag-motocycle","12":"tag-sports"},"share_on_mastodon":{"url":"https:\/\/pubeurope.com\/@fr\/115136157799323405","error":""},"_links":{"self":[{"href":"https:\/\/www.europesays.com\/fr\/wp-json\/wp\/v2\/posts\/361390","targetHints":{"allow":["GET"]}}],"collection":[{"href":"https:\/\/www.europesays.com\/fr\/wp-json\/wp\/v2\/posts"}],"about":[{"href":"https:\/\/www.europesays.com\/fr\/wp-json\/wp\/v2\/types\/post"}],"author":[{"embeddable":true,"href":"https:\/\/www.europesays.com\/fr\/wp-json\/wp\/v2\/users\/2"}],"replies":[{"embeddable":true,"href":"https:\/\/www.europesays.com\/fr\/wp-json\/wp\/v2\/comments?post=361390"}],"version-history":[{"count":0,"href":"https:\/\/www.europesays.com\/fr\/wp-json\/wp\/v2\/posts\/361390\/revisions"}],"wp:featuredmedia":[{"embeddable":true,"href":"https:\/\/www.europesays.com\/fr\/wp-json\/wp\/v2\/media\/361391"}],"wp:attachment":[{"href":"https:\/\/www.europesays.com\/fr\/wp-json\/wp\/v2\/media?parent=361390"}],"wp:term":[{"taxonomy":"category","embeddable":true,"href":"https:\/\/www.europesays.com\/fr\/wp-json\/wp\/v2\/categories?post=361390"},{"taxonomy":"post_tag","embeddable":true,"href":"https:\/\/www.europesays.com\/fr\/wp-json\/wp\/v2\/tags?post=361390"}],"curies":[{"name":"wp","href":"https:\/\/api.w.org\/{rel}","templated":true}]}}