{"id":361392,"date":"2025-09-02T18:38:16","date_gmt":"2025-09-02T18:38:16","guid":{"rendered":"https:\/\/www.europesays.com\/fr\/361392\/"},"modified":"2025-09-02T18:38:16","modified_gmt":"2025-09-02T18:38:16","slug":"bikepacking-un-francais-rate-le-record-du-monde-apres-avoir-parcouru-17-000-km","status":"publish","type":"post","link":"https:\/\/www.europesays.com\/fr\/361392\/","title":{"rendered":"Bikepacking | Un Fran\u00e7ais rate le record du monde apr\u00e8s avoir parcouru 17 000 km"},"content":{"rendered":"<p><strong>Ce qui va suivre est une ode immense \u00e0 la lose tricolore, au panache bleu blanc rouge. Et nous le devons \u00e0 un homme qui a pass\u00e9 plus de deux mois assis sur une selle. Et rien que pour cela, il force notre respect. Son nom ? Sofiane Sehili.<\/strong><\/p>\n<p>Sofiane Sehili, retenez bien ce nom<\/p>\n<p>Dans la famille des <a href=\"https:\/\/fflose.com\/cyclisme-la-folie-monumentale-de-1400-km-de-victor-bosoni\/\" rel=\"nofollow noopener\" target=\"_blank\">\u201cd\u00e9fis fous\u201d<\/a>, on tient un s\u00e9rieux candidat en la personne de Sofiane Sehili. En effet, le Fran\u00e7ais s\u2019est lanc\u00e9 dans un projet faramineux ; celui de rallier l\u2019extr\u00e9mit\u00e9 occidentale de l\u2019Europe, Cabo da Roca au Portugal, \u00e0 celle orientale \u00e0 Vladivostok, en Russie. Au programme, ce sont pas moins de 18 000 kilom\u00e8tres qui attendent ses cuisses et ses mollets. Compl\u00e8tement zinzin.\u00a0Mais Sofiane Sehili n\u2019est pas le premier \u00e0 avoir pris part \u00e0 cette folle travers\u00e9e cycliste eurasienne. En effet, Jonas Deichmann d\u00e9tient le record de cette \u00e9preuve en 64 jours et 2 heures. Mais ce que le cycliste allemand ignore encore, c\u2019est que sa marque symbolique ne tient qu\u2019\u00e0 un fil.<\/p>\n<p>Parti le 1er juillet, le Fran\u00e7ais bouffe de la route matin, midi et soir. Il parcourt en\u00a0moyenne 287 km par jour, et d\u00e9but ao\u00fbt, il compte logiquement plus de 600 km d\u2019avance sur le pr\u00e9c\u00e9dent record. D\u00e8s lors, seul un coup du sort peut emp\u00eacher Sofiane Sehili de s\u2019emparer de cette marque. Et nous n\u2019avons m\u00eame pas \u00e0 le dire deux fois.\u00a0Le cycliste ultra-distance parcourt plus de 17 000 kilom\u00e8tres pour arriver \u00e0 la fronti\u00e8re sino-russe. Il ne lui reste plus que quelques centaines de bornes \u00e0 p\u00e9daler, une broutille pour lui. Mais alors qu\u2019il s\u2019appr\u00eate \u00e0 passer en Russie pour rallier l\u2019arriv\u00e9e \u00e0 Vladivostok, c\u2019est le drame.<\/p>\n<p>A Dongning, les douaniers refusent l\u2019acc\u00e8s au Fran\u00e7ais. Un coup de massue terrible pour lui, qui remet en question toute son aventure. Mais Sofiane Sehili n\u2019est malheureusement pas du genre \u00e0 se laisser abattre par la premi\u00e8re d\u00e9convenue plac\u00e9e sur son chemin. On serait tent\u00e9s de dire qu\u2019il en a vu d\u2019autres durant deux mois. Alors il d\u00e9cide de parcourir 215 kilom\u00e8tres au nord pour atteindre un autre poste de la fronti\u00e8re, \u00e0 Suifenhe. Mais pour exactement le m\u00eame r\u00e9sultat.<\/p>\n<p><img loading=\"lazy\" decoding=\"async\" class=\"wp-image-69143\" src=\"https:\/\/www.europesays.com\/fr\/wp-content\/uploads\/2025\/09\/7f889caa-capture-decran-2025-09-02-190650-168x300.png\" alt=\"\" width=\"280\" height=\"500\"  \/>Story Instagram de Sofiane Sehili<\/p>\n<p>Alors qu\u2019il est parti depuis 63 jours, et que le record est de 64 jours, le Fran\u00e7ais d\u00e9cide finalement d\u2019abandonner sa qu\u00eate, comprenant que le record va lui \u00e9chapper. Deux mois \u00e0 p\u00e9daler non-stop, qu\u2019il pleuve, qu\u2019il vente ou qu\u2019il neige, pour finalement devoir mettre pied \u00e0 terre \u00e0 400 kilom\u00e8tres de l\u2019arriv\u00e9e. On a beau chercher, on a du mal \u00e0 nous souvenir d\u2019une lose aussi puissante.<\/p>\n<blockquote>\n<p>\u201c\u00c9chouer si pr\u00e8s du but, c\u2019est d\u00e9chirant. D\u00e9sormais, j\u2019ai dix mois pour d\u00e9cider si je veux repartir une nouvelle fois pour ce record\u2026 ou s\u2019il restera un \u00e9chec pour toujours\u201d <a href=\"https:\/\/www.lequipe.fr\/Cyclisme-sur-route\/Actualites\/-c-est-dechirant-bloque-a-la-frontiere-sino-russe-par-les-douaniers-sofiane-sehili-doit-renoncer-au-record-eurasien-a-velo\/1589901\" rel=\"nofollow noopener\" target=\"_blank\">Sofiane Sehili<\/a><\/p>\n<\/blockquote>\n<p>Sofiane Sehili aura donc parcouru 97,78% de l\u2019itin\u00e9raire, pour au final abandonner contre son gr\u00e9. Si vous trouvez que la vie est parfois injuste avec vous, pensez \u00e0 ce Fran\u00e7ais. Cela devrait vous faire relativiser.<\/p>\n<blockquote class=\"instagram-media\" style=\"background: #FFF; border: 0; border-radius: 3px; box-shadow: 0 0 1px 0 rgba(0,0,0,0.5),0 1px 10px 0 rgba(0,0,0,0.15); margin: 1px; max-width: 540px; min-width: 326px; padding: 0; width: calc(100% - 2px);\" data-instgrm-captioned=\"\" data-instgrm-permalink=\"https:\/\/www.instagram.com\/reel\/DOELr80D-6Z\/?utm_source=ig_embed&amp;utm_campaign=loading\" data-instgrm-version=\"14\">\n<\/blockquote>\n<p>                         <a href=\"https:\/\/fflose.com\/author\/tomgaleron\/\" class=\"url\" title=\"Tom\" rel=\"nofollow noopener\" target=\"_blank\"> <img loading=\"lazy\" decoding=\"async\" alt=\"Tom\" src=\"https:\/\/www.europesays.com\/fr\/wp-content\/uploads\/2025\/09\/1756838295_316_42b7cbe105414bcd1f96d432c56f293f\"  class=\"avatar avatar-250 photo\" height=\"250\" width=\"250\"\/><\/a> <\/p>\n<p>Natif de Marseille, autant vous dire qu&rsquo;il est pr\u00e9f\u00e9rable de ne pas me parler de football en ce moment. Merci pour votre compr\u00e9hension.<\/p>\n<p> <a href=\"https:\/\/fflose.com\/author\/tomgaleron\/\" class=\"url\" title=\"Tom\" rel=\"nofollow noopener\" target=\"_blank\"><img loading=\"lazy\" decoding=\"async\" alt=\"Tom\" src=\"https:\/\/www.europesays.com\/fr\/wp-content\/uploads\/2025\/09\/1756838295_316_42b7cbe105414bcd1f96d432c56f293f\"  class=\"avatar avatar-250 photo\" height=\"250\" width=\"250\"\/><\/a>  <\/p>\n<p><script async src=\"\/\/www.instagram.com\/embed.js\"><\/script><\/p>\n","protected":false},"excerpt":{"rendered":"Ce qui va suivre est une ode immense \u00e0 la lose tricolore, au panache bleu blanc rouge. Et&hellip;\n","protected":false},"author":2,"featured_media":361393,"comment_status":"","ping_status":"","sticky":false,"template":"","format":"standard","meta":{"footnotes":""},"categories":[1412],"tags":[1451,1452,1453,1454,1455,1011,27,60],"class_list":{"0":"post-361392","1":"post","2":"type-post","3":"status-publish","4":"format-standard","5":"has-post-thumbnail","7":"category-f1","8":"tag-f1","9":"tag-formula-1","10":"tag-formula1","11":"tag-formule-1","12":"tag-formule1","13":"tag-fr","14":"tag-france","15":"tag-sports"},"share_on_mastodon":{"url":"https:\/\/pubeurope.com\/@fr\/115136161742325899","error":""},"_links":{"self":[{"href":"https:\/\/www.europesays.com\/fr\/wp-json\/wp\/v2\/posts\/361392","targetHints":{"allow":["GET"]}}],"collection":[{"href":"https:\/\/www.europesays.com\/fr\/wp-json\/wp\/v2\/posts"}],"about":[{"href":"https:\/\/www.europesays.com\/fr\/wp-json\/wp\/v2\/types\/post"}],"author":[{"embeddable":true,"href":"https:\/\/www.europesays.com\/fr\/wp-json\/wp\/v2\/users\/2"}],"replies":[{"embeddable":true,"href":"https:\/\/www.europesays.com\/fr\/wp-json\/wp\/v2\/comments?post=361392"}],"version-history":[{"count":0,"href":"https:\/\/www.europesays.com\/fr\/wp-json\/wp\/v2\/posts\/361392\/revisions"}],"wp:featuredmedia":[{"embeddable":true,"href":"https:\/\/www.europesays.com\/fr\/wp-json\/wp\/v2\/media\/361393"}],"wp:attachment":[{"href":"https:\/\/www.europesays.com\/fr\/wp-json\/wp\/v2\/media?parent=361392"}],"wp:term":[{"taxonomy":"category","embeddable":true,"href":"https:\/\/www.europesays.com\/fr\/wp-json\/wp\/v2\/categories?post=361392"},{"taxonomy":"post_tag","embeddable":true,"href":"https:\/\/www.europesays.com\/fr\/wp-json\/wp\/v2\/tags?post=361392"}],"curies":[{"name":"wp","href":"https:\/\/api.w.org\/{rel}","templated":true}]}}