{"id":361396,"date":"2025-09-02T18:40:10","date_gmt":"2025-09-02T18:40:10","guid":{"rendered":"https:\/\/www.europesays.com\/fr\/361396\/"},"modified":"2025-09-02T18:40:10","modified_gmt":"2025-09-02T18:40:10","slug":"aymeric-laporte-na-pas-pu-etre-enregistre-par-lathletic","status":"publish","type":"post","link":"https:\/\/www.europesays.com\/fr\/361396\/","title":{"rendered":"Aymeric Laporte n\u2019a pas pu \u00eatre enregistr\u00e9 par l\u2019Athletic"},"content":{"rendered":"<p>C\u2019est le genre de petites histoires dont raffole le mercato. Alors qu\u2019il \u00e9tait annonc\u00e9 dans le viseur de l\u2019OM en d\u00e9but de mercato, puis qu\u2019<a href=\"https:\/\/www.footmercato.net\/a2569135409234744120-aymeric-laporte-va-retourner-a-bilbao\" rel=\"nofollow noopener\" target=\"_blank\">il allait faire son retour \u00e0 l\u2019Athletic Bilbao<\/a>, <a href=\"https:\/\/www.footmercato.net\/joueur\/aymeric-laporte\/\" rel=\"nofollow noopener\" target=\"_blank\">Aymeric Laporte<\/a> doit finalement repartir \u00e0 Al-Nassr o\u00f9 il ne s\u2019est jamais plu. <a href=\"https:\/\/www.marca.com\/futbol\/athletic\/2025\/09\/02\/transfer-laporte-llego-tarde-athletic-inscribirle.html\" rel=\"nofollow noopener\" target=\"_blank\">D\u2019apr\u00e8s la presse espagnole<\/a>, le club saoudien a envoy\u00e9 les documents trop tardivement sur la plateforme TMS de la FIFA, le syst\u00e8me en ligne permettant d\u2019enregistrer les transferts internationaux.<\/p>\n<p>            La suite apr\u00e8s cette publicit\u00e9<\/p>\n<p>R\u00e9sultat, la venue du d\u00e9fenseur central n\u2019a pu \u00eatre enregistr\u00e9e et le voil\u00e0 condamn\u00e9 \u00e0 faire retour \u00e0 Riyad o\u00f9 il est toujours sous contrat jusqu\u2019en juin 2026. L\u2019Athletic a tent\u00e9 de d\u00e9bloquer la situation aupr\u00e8s de l\u2019instance internationale mais celle-ci n\u2019a rien voulu savoir. Les parties vont devoir attendre le mercato d\u2019hiver pour effectuer l\u2019op\u00e9ration, \u00e0 moins que le champion d\u2019Europe 2024 rompe son contrat pour signer libre en faveur des Leones, qui l\u2019ont form\u00e9 entre 2012 et 2018.<\/p>\n<p>\n    Pub. le 02\/09\/2025 19:17<br \/>\n            &#8211; MAJ le 02\/09\/2025 20:33\n    <\/p>\n","protected":false},"excerpt":{"rendered":"C\u2019est le genre de petites histoires dont raffole le mercato. Alors qu\u2019il \u00e9tait annonc\u00e9 dans le viseur de&hellip;\n","protected":false},"author":2,"featured_media":361397,"comment_status":"","ping_status":"","sticky":false,"template":"","format":"standard","meta":{"footnotes":""},"categories":[1410],"tags":[63,1011,27,60],"class_list":{"0":"post-361396","1":"post","2":"type-post","3":"status-publish","4":"format-standard","5":"has-post-thumbnail","7":"category-football","8":"tag-football","9":"tag-fr","10":"tag-france","11":"tag-sports"},"share_on_mastodon":{"url":"https:\/\/pubeurope.com\/@fr\/115136169544576268","error":""},"_links":{"self":[{"href":"https:\/\/www.europesays.com\/fr\/wp-json\/wp\/v2\/posts\/361396","targetHints":{"allow":["GET"]}}],"collection":[{"href":"https:\/\/www.europesays.com\/fr\/wp-json\/wp\/v2\/posts"}],"about":[{"href":"https:\/\/www.europesays.com\/fr\/wp-json\/wp\/v2\/types\/post"}],"author":[{"embeddable":true,"href":"https:\/\/www.europesays.com\/fr\/wp-json\/wp\/v2\/users\/2"}],"replies":[{"embeddable":true,"href":"https:\/\/www.europesays.com\/fr\/wp-json\/wp\/v2\/comments?post=361396"}],"version-history":[{"count":0,"href":"https:\/\/www.europesays.com\/fr\/wp-json\/wp\/v2\/posts\/361396\/revisions"}],"wp:featuredmedia":[{"embeddable":true,"href":"https:\/\/www.europesays.com\/fr\/wp-json\/wp\/v2\/media\/361397"}],"wp:attachment":[{"href":"https:\/\/www.europesays.com\/fr\/wp-json\/wp\/v2\/media?parent=361396"}],"wp:term":[{"taxonomy":"category","embeddable":true,"href":"https:\/\/www.europesays.com\/fr\/wp-json\/wp\/v2\/categories?post=361396"},{"taxonomy":"post_tag","embeddable":true,"href":"https:\/\/www.europesays.com\/fr\/wp-json\/wp\/v2\/tags?post=361396"}],"curies":[{"name":"wp","href":"https:\/\/api.w.org\/{rel}","templated":true}]}}