{"id":361398,"date":"2025-09-02T18:41:07","date_gmt":"2025-09-02T18:41:07","guid":{"rendered":"https:\/\/www.europesays.com\/fr\/361398\/"},"modified":"2025-09-02T18:41:07","modified_gmt":"2025-09-02T18:41:07","slug":"moins-de-3-semaines-apres-larrivee-de-bebe-gauthier-le-bret-cnews-europe-1-occupe-loin-du-foyer-sa-femme-eloise-a-la-solution-purepeople","status":"publish","type":"post","link":"https:\/\/www.europesays.com\/fr\/361398\/","title":{"rendered":"Moins de 3 semaines apr\u00e8s l&#039;arriv\u00e9e de b\u00e9b\u00e9, Gauthier Le Bret (CNews \/ Europe 1) occup\u00e9 loin du foyer&#8230; Sa femme Elo\u00efse a la solution &#8211; Purepeople"},"content":{"rendered":"<ol>\n<li><a href=\"https:\/\/news.google.com\/rss\/articles\/CBMi_wFBVV95cUxPMmZkOG9rcEVkUmxvUjRoRXNTazdWVUhrN2ozbHVrZG5JR0JTZnIydURzLVp5aV8yWWNzMGRkV0JsdjBiM1NZeXFpbjk4UW9ETW1tTkxVTHFpMG1fMEFMYV9hX214a1F5MnFmZVU1c1ZPZU83ZVZ3aGp6YkkwSm5JeEpSRE9QVE1jbUhDNFZuS2VVSjI3b0VZQlYzYTl1R3g4VWlLVTFiUGVDSHRRdl96MWpyMVBrelR1WGI4MTFSYVZ6akxZcndSZk5mQ1RYR1J6QmdSNkhVQmQxLTRNTUR0R2U1SEY1QjVxdVkybURFTEpMVWRabkJCeDY4WTZEU00?oc=5\" target=\"_blank\" rel=\"nofollow noopener\">Moins de 3 semaines apr\u00e8s l&rsquo;arriv\u00e9e de b\u00e9b\u00e9, Gauthier Le Bret (CNews \/ Europe 1) occup\u00e9 loin du foyer&#8230; Sa femme Elo\u00efse a la solution<\/a>&nbsp;&nbsp;Purepeople<\/li>\n<li><a href=\"https:\/\/news.google.com\/rss\/articles\/CBMi7wFBVV95cUxNZmd1bHNPTzFLcDNCc2tSVGNaVVZlUUF1MlE1ZVUxbXV4N2xLYUxKZWVXejA4VWhyTllGZmF4VFJBb0lrcC1Ocm1tY0NIT1JKTTdKZTZ3VU54T0prUFh2R085ajUySkZFVktxZjN1Vm5XLWY5TUVKOUZsMTA1dm82aUE2T0V0OUFVd3ZULTJSMWVIVERacVBqdFhUZkdKYUtmRjJFTVI0a0xZNVkwS0hTNGxvbFZqZGt2OEo0RUpKajhYWTQwQ3lUbFh0dXYtUlMwbFNpZ0ZNa2d0UWQwMUFLQ08tM1hOX0NjTS1VQmRyMA?oc=5\" target=\"_blank\" rel=\"nofollow noopener\">\u00ab\u00a0La boulette\u00a0\u00bb : Une chroniqueuse de CNews r\u00e9v\u00e8le le pr\u00e9nom du fils de Gauthier Le Bret en direct \u00e0 l\u2019antenne (VIDEO)<\/a>&nbsp;&nbsp;programme-tv.net<\/li>\n<li><a href=\"https:\/\/news.google.com\/rss\/articles\/CBMi2gFBVV95cUxQUXpJVzBhRkc0YnhHLXhnbWNZOW9pTlFEV3hNbWNMRndCMWlkTUgzWjVDa1Vpc0RubjFORl9GWW4xZVVZd01aRFpTWjdpMkRuX1FVek43c3Ffam1jRmk1bnViTVZPdnVrbmxTbEVqUFR0dkpXeXdSMlBzUWhveWxUbFF3d05Ib3J1dEtNSE5yOEVFVm5lTUlKaVZORFR4OVFNM3h2UEY0WW82UThXb0Vya0FsTTJnNVQ3bWlvV0F0elV4cW9NQm5wLXFmVlUtWEY2U2l5MTlIY0R5QQ?oc=5\" target=\"_blank\" rel=\"nofollow noopener\">\u201cJ\u2019ignorais qu\u2019il \u00e9tait priv\u00e9\u201d : grosse boulette intime, apr\u00e8s Cyril Hanouna une autre figure gaffe en direct<\/a>&nbsp;&nbsp;Closer<\/li>\n<li><a href=\"https:\/\/news.google.com\/rss\/articles\/CBMinwJBVV95cUxQcFo2cElSdlpDZVlqMWpiclQ1SXFvWkJ3c3RPYWFrR1FmYlVoSW10cWUtNEx3WF9TaGxuOWlSTVZPWHM2alNfSnNnenRpT2NxY1NVQ2I0bnRGa0paNUdMeG1yRElGei1Od05kNW8wZmpGUFFMa0hId1FvWUJ2eTEzT0pnZzlzN1o0dHQ2VnI0RlNtU1hrNjltekw2QzRabFJfOEJSbkNQaEVXeDZLRmd1VC0wajVSellkMHFXSC1CUlhDNV85RkkzT0V5bk9VTm9ORXRHMlpyWnpyTlhuUGJiVnFqMkJ3cXRIX2E5bXdGVDhOWDB2N0JVd2l2U25yN0ZNbWZ4LUtOQzFOY3lseTdQUmZtdUNqdlZjVGR6ZTJKSQ?oc=5\" target=\"_blank\" rel=\"nofollow noopener\">Gauthier Le Bret (CNews\/ Europe 1) : Le pr\u00e9nom de son b\u00e9b\u00e9 r\u00e9v\u00e9l\u00e9 en direct sans son accord, un choix rare<\/a>&nbsp;&nbsp;MSN<\/li>\n<li><a href=\"https:\/\/news.google.com\/rss\/articles\/CBMixAFBVV95cUxOYkhSWm52Zmt5UGJ3NEVoampwN2dWanZ3U3lPWDZiY0lTMGE0eWJBMzFJWDItY2syWjMxcUpqS2Q1VlMwcjhmcnlFYXZqOFNlNGVKaGNJMXYxMFRlZThlZ2JRYkNUTndwbHlKb3Rzc3JBSjVtRUdLb1NpR1dib0NFQ1M5V0V4VjRwRWdHUFZ6RWhkelYxeVk2Q0hMalRMSkVWNGx1N2tsbzFpajRQSjlyZnBuQmxmQlV4dVBGWlhrSGtKNThQ?oc=5\" target=\"_blank\" rel=\"nofollow noopener\">CNews : Gauthier Le Bret trahi par Elisabeth L\u00e9vy, elle balance une info priv\u00e9e en direct<\/a>&nbsp;&nbsp;T\u00e9l\u00e9 Star<\/li>\n<\/ol>\n","protected":false},"excerpt":{"rendered":"Moins de 3 semaines apr\u00e8s l&rsquo;arriv\u00e9e de b\u00e9b\u00e9, Gauthier Le Bret (CNews \/ Europe 1) occup\u00e9 loin du&hellip;\n","protected":false},"author":2,"featured_media":1445,"comment_status":"","ping_status":"","sticky":false,"template":"","format":"standard","meta":{"footnotes":""},"categories":[1359],"tags":[58,59,1011,27,973],"class_list":{"0":"post-361398","1":"post","2":"type-post","3":"status-publish","4":"format-standard","5":"has-post-thumbnail","7":"category-people","8":"tag-divertissement","9":"tag-entertainment","10":"tag-fr","11":"tag-france","12":"tag-people"},"share_on_mastodon":{"url":"https:\/\/pubeurope.com\/@fr\/115136173518461105","error":""},"_links":{"self":[{"href":"https:\/\/www.europesays.com\/fr\/wp-json\/wp\/v2\/posts\/361398","targetHints":{"allow":["GET"]}}],"collection":[{"href":"https:\/\/www.europesays.com\/fr\/wp-json\/wp\/v2\/posts"}],"about":[{"href":"https:\/\/www.europesays.com\/fr\/wp-json\/wp\/v2\/types\/post"}],"author":[{"embeddable":true,"href":"https:\/\/www.europesays.com\/fr\/wp-json\/wp\/v2\/users\/2"}],"replies":[{"embeddable":true,"href":"https:\/\/www.europesays.com\/fr\/wp-json\/wp\/v2\/comments?post=361398"}],"version-history":[{"count":0,"href":"https:\/\/www.europesays.com\/fr\/wp-json\/wp\/v2\/posts\/361398\/revisions"}],"wp:featuredmedia":[{"embeddable":true,"href":"https:\/\/www.europesays.com\/fr\/wp-json\/wp\/v2\/media\/1445"}],"wp:attachment":[{"href":"https:\/\/www.europesays.com\/fr\/wp-json\/wp\/v2\/media?parent=361398"}],"wp:term":[{"taxonomy":"category","embeddable":true,"href":"https:\/\/www.europesays.com\/fr\/wp-json\/wp\/v2\/categories?post=361398"},{"taxonomy":"post_tag","embeddable":true,"href":"https:\/\/www.europesays.com\/fr\/wp-json\/wp\/v2\/tags?post=361398"}],"curies":[{"name":"wp","href":"https:\/\/api.w.org\/{rel}","templated":true}]}}