{"id":361401,"date":"2025-09-02T18:43:12","date_gmt":"2025-09-02T18:43:12","guid":{"rendered":"https:\/\/www.europesays.com\/fr\/361401\/"},"modified":"2025-09-02T18:43:12","modified_gmt":"2025-09-02T18:43:12","slug":"grand-besancon-annule-la-venue-de-raphael-enthoven-au-festival-livres-dans-la-boucle","status":"publish","type":"post","link":"https:\/\/www.europesays.com\/fr\/361401\/","title":{"rendered":"Grand Besan\u00e7on annule la venue de Rapha\u00ebl Enthoven au festival Livres dans la Boucle"},"content":{"rendered":"<p>La guerre \u00e0 Gaza \u00e9tait d\u00e9j\u00e0 pr\u00e9sente dans <a href=\"https:\/\/www.estrepublicain.fr\/culture-loisirs\/2025\/08\/27\/livres-dans-la-boucle-bientot-la-10e-edition-du-plus-important-festival-litteraire-de-la-region\" target=\"_blank\" rel=\"noopener\">la programmation du festival Livres dans la Boucle<\/a> , le salon litt\u00e9raire programm\u00e9 du 19 au 21 septembre prochain. Parmi les quelque 200 auteurs invit\u00e9s figure en effet Rachid Benzine qui, dans son dernier roman, L\u2019Homme qui lisait des livres , retrace la vie d\u2019un libraire \u00e0 Gaza.<\/p>\n<p>  \u00ab Inadmissibles \u00bb<\/p>\n<p>Une guerre d\u00e9j\u00e0 pr\u00e9sente, donc, mais qui s\u2019invite de fa\u00e7on plus pol\u00e9mique cette semaine. Ce mardi matin, la section bisontine du Parti communiste fran\u00e7ais (PCF) a en effet interpell\u00e9 les organisateurs du festival via un communiqu\u00e9, estimant qu\u2019il faudrait annuler la venue de l\u2019essayiste <a href=\"https:\/\/www.estrepublicain.fr\/culture-loisirs\/2025\/06\/11\/livres-dans-la-boucle-une-dixieme-edition-qui-n-oublie-personne\" target=\"_blank\" rel=\"noopener\">Rapha\u00ebl Enthoven<\/a> , invit\u00e9 \u00e0 venir parler, le 20 septembre, de son dernier ouvrage, L\u2019Albatros , un livre sur sa m\u00e8re disparue.<\/p>\n<p>En cause : non pas le roman, mais les propos tenus par le philosophe sur le r\u00e9seau social X le 15 ao\u00fbt dernier : \u00ab Il n\u2019y a aucun journaliste \u00e0 Gaza. Uniquement des tueurs, des combattants ou des preneurs d\u2019otages avec une carte de presse \u00bb.<\/p>\n<p>Ce contenu est bloqu\u00e9 car vous n&rsquo;avez pas accept\u00e9 les cookies et autres traceurs.<\/p>\n<p>En cliquant sur \u00ab J\u2019accepte \u00bb, les cookies et autres traceurs seront d\u00e9pos\u00e9s et vous pourrez visualiser les contenus  (<a href=\"\" class=\"consentModule_policy\" target=\"_blank\" title=\"Consulter la politique de protection des donn\u00e9es du fournisseur\">plus d&rsquo;informations<\/a>).<\/p>\n<p>En cliquant sur \u00ab J\u2019accepte tous les cookies \u00bb, vous autorisez des d\u00e9p\u00f4ts de cookies et autres traceurs pour le stockage de vos donn\u00e9es sur nos sites et applications \u00e0 des fins de personnalisation et de ciblage publicitaire.<\/p>\n<p class=\"consentModule_secondaryText\">Vous gardez la possibilit\u00e9 de retirer votre consentement \u00e0 tout moment en consultant notre <a href=\"https:\/\/www.estrepublicain.fr\/protection-des-donnees\" target=\"_blank\" title=\"Consulter notre politique de protection des donn\u00e9es\" rel=\"noopener\">politique de protection des donn\u00e9es<\/a>. <br \/>&#13;<br \/>\n            <a href=\"https:\/\/www.estrepublicain.fr\/culture-loisirs\/2025\/09\/02\/javascript:Didomi.notice.show()\" class=\"consentModule_cmp\" target=\"_blank\" rel=\"noopener\">G\u00e9rer mes choix<\/a>&#13;\n        <\/p>\n<p>&#13;<br \/>\n                        J&rsquo;accepte&#13;<br \/>\n            J&rsquo;accepte tous les cookies&#13;\n        <\/p>\n<p>Une affirmation r\u00e9fut\u00e9e, selon la cellule investigation de Radio France \u00ab par toutes les organisations de journalistes interrog\u00e9es \u00bb, parmi lesquelles \u00ab l\u2019ONG fran\u00e7aise Reporters sans Fronti\u00e8res ou le Comit\u00e9 pour la protection des journalistes (CPJ) bas\u00e9 \u00e0 New York \u00bb. Mais r\u00e9affirm\u00e9e par l\u2019auteur, toujours sur X, le 17 ao\u00fbt.<\/p>\n<p>Ce contenu est bloqu\u00e9 car vous n&rsquo;avez pas accept\u00e9 les cookies et autres traceurs.<\/p>\n<p>En cliquant sur \u00ab J\u2019accepte \u00bb, les cookies et autres traceurs seront d\u00e9pos\u00e9s et vous pourrez visualiser les contenus  (<a href=\"\" class=\"consentModule_policy\" target=\"_blank\" title=\"Consulter la politique de protection des donn\u00e9es du fournisseur\">plus d&rsquo;informations<\/a>).<\/p>\n<p>En cliquant sur \u00ab J\u2019accepte tous les cookies \u00bb, vous autorisez des d\u00e9p\u00f4ts de cookies et autres traceurs pour le stockage de vos donn\u00e9es sur nos sites et applications \u00e0 des fins de personnalisation et de ciblage publicitaire.<\/p>\n<p class=\"consentModule_secondaryText\">Vous gardez la possibilit\u00e9 de retirer votre consentement \u00e0 tout moment en consultant notre <a href=\"https:\/\/www.estrepublicain.fr\/protection-des-donnees\" target=\"_blank\" title=\"Consulter notre politique de protection des donn\u00e9es\" rel=\"noopener\">politique de protection des donn\u00e9es<\/a>. <br \/>&#13;<br \/>\n            <a href=\"https:\/\/www.estrepublicain.fr\/culture-loisirs\/2025\/09\/02\/javascript:Didomi.notice.show()\" class=\"consentModule_cmp\" target=\"_blank\" rel=\"noopener\">G\u00e9rer mes choix<\/a>&#13;\n        <\/p>\n<p>&#13;<br \/>\n                        J&rsquo;accepte&#13;<br \/>\n            J&rsquo;accepte tous les cookies&#13;\n        <\/p>\n<p>Des propos \u00ab inadmissibles \u00bb selon les communistes bisontins. D\u2019o\u00f9 leur interpellation \u00e0 l\u2019adresse du festival port\u00e9 par Grand Besan\u00e7on M\u00e9tropole : \u00ab Les organisateurs cautionnent-ils ce genre de propos ? Approuvent-ils la criminalisation <a href=\"https:\/\/www.estrepublicain.fr\/defense-guerre-conflit\/2025\/08\/02\/l-idee-de-la-mort-m-accompagne-24-heures-sur-24-un-journaliste-palestinien-temoigne-de-la-famine-a-gaza\" target=\"_blank\" rel=\"noopener\">de journalistes<\/a> ? [\u2026] Bref, faut-il encore accueillir Rapha\u00ebl Enthoven ? Pour les communistes de Besan\u00e7on, c\u2019est NON ! \u00bb<\/p>\n<p>  Des d\u00e9clarations \u00ab pol\u00e9miques \u00bb<\/p>\n<p>GBM a r\u00e9agi dans l\u2019apr\u00e8s-midi : \u00ab Les r\u00e9centes d\u00e9clarations pol\u00e9miques de Monsieur Enthoven sont de nature \u00e0 remettre en cause la s\u00e9r\u00e9nit\u00e9 du d\u00e9roulement du festival litt\u00e9raire Livres dans la boucle. Dans ces conditions, l\u2019organisateur Grand Besan\u00e7on M\u00e9tropole a demand\u00e9 au prestataire de la manifestation d\u2019annuler sa venue fin septembre \u00bb.<\/p>\n<p>Le philosophe n\u2019est donc plus le bienvenu. Sa d\u00e9claration du mois d\u2019ao\u00fbt lui avait valu insultes et menaces de mort. \u00ab Ce qui est \u00e9videmment condamnable \u00bb, pr\u00e9cise le PCF avant d\u2019enfoncer le clou : \u00ab Cela ne doit pas faire oublier le caract\u00e8re intol\u00e9rable de ces propos : ils donnent tout simplement carte blanche \u00e0 l\u2019arm\u00e9e isra\u00e9lienne pour assassiner sans honte <a href=\"https:\/\/www.estrepublicain.fr\/defense-guerre-conflit\/2025\/08\/21\/gaza-27-pays-dont-la-france-appellent-israel-a-immediatement-autoriser-les-medias-etrangers\" target=\"_blank\" rel=\"noopener\">ceux qui voudraient informer<\/a> et d\u00e9noncer ses forfaits \u00bb.<\/p>\n<p>Ce contenu est bloqu\u00e9 car vous n&rsquo;avez pas accept\u00e9 les cookies et autres traceurs.<\/p>\n<p>En cliquant sur \u00ab J\u2019accepte \u00bb, les cookies et autres traceurs seront d\u00e9pos\u00e9s et vous pourrez visualiser les contenus  (<a href=\"\" class=\"consentModule_policy\" target=\"_blank\" title=\"Consulter la politique de protection des donn\u00e9es du fournisseur\">plus d&rsquo;informations<\/a>).<\/p>\n<p>En cliquant sur \u00ab J\u2019accepte tous les cookies \u00bb, vous autorisez des d\u00e9p\u00f4ts de cookies et autres traceurs pour le stockage de vos donn\u00e9es sur nos sites et applications \u00e0 des fins de personnalisation et de ciblage publicitaire.<\/p>\n<p class=\"consentModule_secondaryText\">Vous gardez la possibilit\u00e9 de retirer votre consentement \u00e0 tout moment en consultant notre <a href=\"https:\/\/www.estrepublicain.fr\/protection-des-donnees\" target=\"_blank\" title=\"Consulter notre politique de protection des donn\u00e9es\" rel=\"noopener\">politique de protection des donn\u00e9es<\/a>. <br \/>&#13;<br \/>\n            <a href=\"https:\/\/www.estrepublicain.fr\/culture-loisirs\/2025\/09\/02\/javascript:Didomi.notice.show()\" class=\"consentModule_cmp\" target=\"_blank\" rel=\"noopener\">G\u00e9rer mes choix<\/a>&#13;\n        <\/p>\n<p>&#13;<br \/>\n                        J&rsquo;accepte&#13;<br \/>\n            J&rsquo;accepte tous les cookies&#13;\n        <\/p>\n<p>Une prise de position qui intervient au lendemain de l\u2019appel de Reporters sans fronti\u00e8res pour que cesse \u00ab le meurtre de journalistes \u00e0 Gaza \u00bb. Et quelques jours avant l\u2019intervention annonc\u00e9e de Rapha\u00ebl Enthoven \u00e0 la \u00ab Grande soir\u00e9e \u00bb de syndicat patronal interprofessionnel CPME 25 \u00e0 la Saline Royale d\u2019Arc-et-Senans o\u00f9 plus de 400 chefs d\u2019entreprise sont attendus. L\u2019essayiste a \u00e9t\u00e9 invit\u00e9 \u00e0 y tenir une conf\u00e9rence sur \u00ab l\u2019intelligence artificielle et ses limites \u00bb.<\/p>\n","protected":false},"excerpt":{"rendered":"La guerre \u00e0 Gaza \u00e9tait d\u00e9j\u00e0 pr\u00e9sente dans la programmation du festival Livres dans la Boucle , le&hellip;\n","protected":false},"author":2,"featured_media":361402,"comment_status":"","ping_status":"","sticky":false,"template":"","format":"standard","meta":{"footnotes":""},"categories":[1357],"tags":[10112,14382,1379,1687,3206,58,14383,59,1011,27,1380,2410,316],"class_list":{"0":"post-361401","1":"post","2":"type-post","3":"status-publish","4":"format-standard","5":"has-post-thumbnail","7":"category-livres","8":"tag-besancon","9":"tag-besancon-ville-25a","10":"tag-books","11":"tag-culture-loisirs","12":"tag-defense-guerre-conflit","13":"tag-divertissement","14":"tag-edition-besancon","15":"tag-entertainment","16":"tag-fr","17":"tag-france","18":"tag-livres","19":"tag-livres-bd","20":"tag-politique"},"share_on_mastodon":{"url":"https:\/\/pubeurope.com\/@fr\/115136181344164766","error":""},"_links":{"self":[{"href":"https:\/\/www.europesays.com\/fr\/wp-json\/wp\/v2\/posts\/361401","targetHints":{"allow":["GET"]}}],"collection":[{"href":"https:\/\/www.europesays.com\/fr\/wp-json\/wp\/v2\/posts"}],"about":[{"href":"https:\/\/www.europesays.com\/fr\/wp-json\/wp\/v2\/types\/post"}],"author":[{"embeddable":true,"href":"https:\/\/www.europesays.com\/fr\/wp-json\/wp\/v2\/users\/2"}],"replies":[{"embeddable":true,"href":"https:\/\/www.europesays.com\/fr\/wp-json\/wp\/v2\/comments?post=361401"}],"version-history":[{"count":0,"href":"https:\/\/www.europesays.com\/fr\/wp-json\/wp\/v2\/posts\/361401\/revisions"}],"wp:featuredmedia":[{"embeddable":true,"href":"https:\/\/www.europesays.com\/fr\/wp-json\/wp\/v2\/media\/361402"}],"wp:attachment":[{"href":"https:\/\/www.europesays.com\/fr\/wp-json\/wp\/v2\/media?parent=361401"}],"wp:term":[{"taxonomy":"category","embeddable":true,"href":"https:\/\/www.europesays.com\/fr\/wp-json\/wp\/v2\/categories?post=361401"},{"taxonomy":"post_tag","embeddable":true,"href":"https:\/\/www.europesays.com\/fr\/wp-json\/wp\/v2\/tags?post=361401"}],"curies":[{"name":"wp","href":"https:\/\/api.w.org\/{rel}","templated":true}]}}